{"id":1104,"date":"2025-08-08T01:30:12","date_gmt":"2025-08-08T01:30:12","guid":{"rendered":"https:\/\/escuelallanosubercaseaux.cl\/?p=1104"},"modified":"2025-08-11T13:44:14","modified_gmt":"2025-08-11T13:44:14","slug":"inicio-ano-academico-2024-3-2-2-2-2-2","status":"publish","type":"post","link":"https:\/\/escuelallanosubercaseaux.cl\/?p=1104","title":{"rendered":"Logros Institucionales"},"content":{"rendered":"\t\t<div data-elementor-type=\"wp-post\" data-elementor-id=\"1104\" class=\"elementor elementor-1104\" data-elementor-post-type=\"post\">\n\t\t\t\t<div class=\"elementor-element elementor-element-6ba8b31 e-flex e-con-boxed e-con e-parent\" data-id=\"6ba8b31\" data-element_type=\"container\">\n\t\t\t\t\t<div class=\"e-con-inner\">\n\t\t\t\t<div class=\"elementor-element elementor-element-a333ba8 elementor-widget elementor-widget-heading\" data-id=\"a333ba8\" data-element_type=\"widget\" data-widget_type=\"heading.default\">\n\t\t\t\t<div class=\"elementor-widget-container\">\n\t\t\t\t\t<h2 class=\"elementor-heading-title elementor-size-default\">Huerto Escolar: un espacio de aprendizaje y cuidado del medioambiente \ud83c\udf31<\/h2>\t\t\t\t<\/div>\n\t\t\t\t<\/div>\n\t\t\t\t\t<\/div>\n\t\t\t\t<\/div>\n\t\t<div class=\"elementor-element elementor-element-0b3c96d e-flex e-con-boxed e-con e-parent\" data-id=\"0b3c96d\" data-element_type=\"container\">\n\t\t\t\t\t<div class=\"e-con-inner\">\n\t\t\t\t<div class=\"elementor-element elementor-element-7be5aa8 elementor-widget elementor-widget-spacer\" data-id=\"7be5aa8\" data-element_type=\"widget\" data-widget_type=\"spacer.default\">\n\t\t\t\t<div class=\"elementor-widget-container\">\n\t\t\t\t\t\t\t<div class=\"elementor-spacer\">\n\t\t\t<div class=\"elementor-spacer-inner\"><\/div>\n\t\t<\/div>\n\t\t\t\t\t\t<\/div>\n\t\t\t\t<\/div>\n\t\t\t\t\t<\/div>\n\t\t\t\t<\/div>\n\t\t<div class=\"elementor-element elementor-element-4617ec1 e-flex e-con-boxed e-con e-parent\" data-id=\"4617ec1\" data-element_type=\"container\">\n\t\t\t\t\t<div class=\"e-con-inner\">\n\t\t\t\t<div class=\"elementor-element elementor-element-e4a54ac elementor-widget elementor-widget-text-editor\" data-id=\"e4a54ac\" data-element_type=\"widget\" data-widget_type=\"text-editor.default\">\n\t\t\t\t<div class=\"elementor-widget-container\">\n\t\t\t\t\t\t\t\t\t<div><p data-start=\"209\" data-end=\"686\">Nuestra <strong data-start=\"217\" data-end=\"238\">Brigada Ecol\u00f3gica<\/strong> ha desarrollado con gran compromiso y dedicaci\u00f3n el <strong data-start=\"291\" data-end=\"342\">Huerto Escolar de la Escuela Llano Subercaseaux<\/strong>, convirti\u00e9ndolo en un verdadero espacio educativo y comunitario.<br data-start=\"407\" data-end=\"410\" \/>En este lugar, nuestras y nuestros estudiantes aprenden sobre el <strong data-start=\"475\" data-end=\"516\">proceso completo de siembra y cosecha<\/strong>, la <strong data-start=\"521\" data-end=\"561\">importancia del cuidado de la tierra<\/strong>, e incluso han explorado t\u00e9cnicas como la <strong data-start=\"604\" data-end=\"633\">medici\u00f3n del pH del suelo<\/strong> y la <strong data-start=\"639\" data-end=\"683\">creaci\u00f3n de tierra de hoja en el compost<\/strong>.<\/p><p data-start=\"688\" data-end=\"1025\">Queremos <strong data-start=\"697\" data-end=\"723\">destacar especialmente<\/strong> la labor de <strong data-start=\"736\" data-end=\"753\">Rub\u00e9n Santana<\/strong>, Inspector de nuestra escuela, quien asumi\u00f3 de forma <strong data-start=\"807\" data-end=\"819\">interina<\/strong> la coordinaci\u00f3n del proyecto durante la licencia m\u00e9dica de su encargado titular, el profesor <strong data-start=\"913\" data-end=\"928\">Jes\u00fas Vidal<\/strong>, manteniendo el funcionamiento y desarrollo de las actividades del huerto con gran compromiso.<\/p><p data-start=\"1027\" data-end=\"1256\">Este proyecto fomenta la <strong data-start=\"1052\" data-end=\"1081\">responsabilidad ambiental<\/strong>, el <strong data-start=\"1086\" data-end=\"1107\">trabajo en equipo<\/strong> y el <strong data-start=\"1113\" data-end=\"1142\">respeto por la naturaleza<\/strong>, fortaleciendo la formaci\u00f3n integral de nuestro estudiantado y aportando a una cultura escolar m\u00e1s sustentable.<\/p><p data-start=\"1258\" data-end=\"1381\"><strong data-start=\"1258\" data-end=\"1376\">\u00a1Felicitamos a la Brigada Ecol\u00f3gica, a Rub\u00e9n Santana y a todas y todos quienes colaboran en esta importante labor!<\/strong> \ud83c\udf3f<\/p><\/div><div dir=\"auto\"><div><div dir=\"auto\" style=\"text-align: right;\">Comunicaciones Escuela Llano Subercaseaux 2025<\/div><\/div><div>\u00a0<\/div><\/div><div><div dir=\"auto\">\u00a0<\/div><\/div>\t\t\t\t\t\t\t\t<\/div>\n\t\t\t\t<\/div>\n\t\t\t\t\t<\/div>\n\t\t\t\t<\/div>\n\t\t<div class=\"elementor-element elementor-element-705de38 e-flex e-con-boxed e-con e-parent\" data-id=\"705de38\" data-element_type=\"container\">\n\t\t\t\t\t<div class=\"e-con-inner\">\n\t\t<div class=\"elementor-element elementor-element-7931361 e-con-full e-flex e-con e-child\" data-id=\"7931361\" data-element_type=\"container\">\n\t\t\t\t<div class=\"elementor-element elementor-element-fb95a7c elementor-view-stacked elementor-shape-circle elementor-widget elementor-widget-icon\" data-id=\"fb95a7c\" data-element_type=\"widget\" data-widget_type=\"icon.default\">\n\t\t\t\t<div class=\"elementor-widget-container\">\n\t\t\t\t\t\t\t<div class=\"elementor-icon-wrapper\">\n\t\t\t<a class=\"elementor-icon\" href=\"https:\/\/escuelallanosubercaseaux.cl\/?page_id=378\">\n\t\t\t<svg aria-hidden=\"true\" class=\"e-font-icon-svg e-fas-photo-video\" viewBox=\"0 0 640 512\" xmlns=\"http:\/\/www.w3.org\/2000\/svg\"><path d=\"M608 0H160a32 32 0 0 0-32 32v96h160V64h192v320h128a32 32 0 0 0 32-32V32a32 32 0 0 0-32-32zM232 103a9 9 0 0 1-9 9h-30a9 9 0 0 1-9-9V73a9 9 0 0 1 9-9h30a9 9 0 0 1 9 9zm352 208a9 9 0 0 1-9 9h-30a9 9 0 0 1-9-9v-30a9 9 0 0 1 9-9h30a9 9 0 0 1 9 9zm0-104a9 9 0 0 1-9 9h-30a9 9 0 0 1-9-9v-30a9 9 0 0 1 9-9h30a9 9 0 0 1 9 9zm0-104a9 9 0 0 1-9 9h-30a9 9 0 0 1-9-9V73a9 9 0 0 1 9-9h30a9 9 0 0 1 9 9zm-168 57H32a32 32 0 0 0-32 32v288a32 32 0 0 0 32 32h384a32 32 0 0 0 32-32V192a32 32 0 0 0-32-32zM96 224a32 32 0 1 1-32 32 32 32 0 0 1 32-32zm288 224H64v-32l64-64 32 32 128-128 96 96z\"><\/path><\/svg>\t\t\t<\/a>\n\t\t<\/div>\n\t\t\t\t\t\t<\/div>\n\t\t\t\t<\/div>\n\t\t\t\t<\/div>\n\t\t<div class=\"elementor-element elementor-element-3994ce6 e-con-full e-flex e-con e-child\" data-id=\"3994ce6\" data-element_type=\"container\">\n\t\t\t\t<div class=\"elementor-element elementor-element-53b75f9 elementor-widget elementor-widget-heading\" data-id=\"53b75f9\" data-element_type=\"widget\" data-widget_type=\"heading.default\">\n\t\t\t\t<div class=\"elementor-widget-container\">\n\t\t\t\t\t<h2 class=\"elementor-heading-title elementor-size-default\">&lt;&lt; Pincha aqu\u00ed para saber m\u00e1s<\/h2>\t\t\t\t<\/div>\n\t\t\t\t<\/div>\n\t\t\t\t<\/div>\n\t\t\t\t\t<\/div>\n\t\t\t\t<\/div>\n\t\t<div class=\"elementor-element elementor-element-246dbac e-flex e-con-boxed e-con e-parent\" data-id=\"246dbac\" data-element_type=\"container\">\n\t\t\t\t\t<div class=\"e-con-inner\">\n\t\t\t\t\t<\/div>\n\t\t\t\t<\/div>\n\t\t\t\t<\/div>\n\t\t","protected":false},"excerpt":{"rendered":"<p>Huerto Escolar: un espacio de aprendizaje y cuidado del medioambiente \ud83c\udf31 Nuestra Brigada Ecol\u00f3gica ha desarrollado con gran compromiso y dedicaci\u00f3n el Huerto Escolar de la Escuela Llano Subercaseaux, convirti\u00e9ndolo en un verdadero espacio educativo y comunitario.En este lugar, nuestras y nuestros estudiantes aprenden sobre el proceso completo de siembra y cosecha, la importancia del [&hellip;]<\/p>\n","protected":false},"author":1,"featured_media":830,"comment_status":"closed","ping_status":"open","sticky":false,"template":"","format":"standard","meta":{"footnotes":""},"categories":[8],"tags":[],"class_list":["post-1104","post","type-post","status-publish","format-standard","has-post-thumbnail","hentry","category-noticias"],"_links":{"self":[{"href":"https:\/\/escuelallanosubercaseaux.cl\/index.php?rest_route=\/wp\/v2\/posts\/1104","targetHints":{"allow":["GET"]}}],"collection":[{"href":"https:\/\/escuelallanosubercaseaux.cl\/index.php?rest_route=\/wp\/v2\/posts"}],"about":[{"href":"https:\/\/escuelallanosubercaseaux.cl\/index.php?rest_route=\/wp\/v2\/types\/post"}],"author":[{"embeddable":true,"href":"https:\/\/escuelallanosubercaseaux.cl\/index.php?rest_route=\/wp\/v2\/users\/1"}],"replies":[{"embeddable":true,"href":"https:\/\/escuelallanosubercaseaux.cl\/index.php?rest_route=%2Fwp%2Fv2%2Fcomments&post=1104"}],"version-history":[{"count":16,"href":"https:\/\/escuelallanosubercaseaux.cl\/index.php?rest_route=\/wp\/v2\/posts\/1104\/revisions"}],"predecessor-version":[{"id":1149,"href":"https:\/\/escuelallanosubercaseaux.cl\/index.php?rest_route=\/wp\/v2\/posts\/1104\/revisions\/1149"}],"wp:featuredmedia":[{"embeddable":true,"href":"https:\/\/escuelallanosubercaseaux.cl\/index.php?rest_route=\/wp\/v2\/media\/830"}],"wp:attachment":[{"href":"https:\/\/escuelallanosubercaseaux.cl\/index.php?rest_route=%2Fwp%2Fv2%2Fmedia&parent=1104"}],"wp:term":[{"taxonomy":"category","embeddable":true,"href":"https:\/\/escuelallanosubercaseaux.cl\/index.php?rest_route=%2Fwp%2Fv2%2Fcategories&post=1104"},{"taxonomy":"post_tag","embeddable":true,"href":"https:\/\/escuelallanosubercaseaux.cl\/index.php?rest_route=%2Fwp%2Fv2%2Ftags&post=1104"}],"curies":[{"name":"wp","href":"https:\/\/api.w.org\/{rel}","templated":true}]}}