{"id":1336,"date":"2025-08-11T20:02:49","date_gmt":"2025-08-11T20:02:49","guid":{"rendered":"https:\/\/escuelallanosubercaseaux.cl\/?p=1336"},"modified":"2025-08-11T20:22:43","modified_gmt":"2025-08-11T20:22:43","slug":"inicio-ano-academico-2024-3-2-2-2-2-2-2-2","status":"publish","type":"post","link":"https:\/\/escuelallanosubercaseaux.cl\/?p=1336","title":{"rendered":"Celebrando el &#8220;D\u00eda de la Ni\u00f1ez&#8221; en nuestra escuela"},"content":{"rendered":"\t\t<div data-elementor-type=\"wp-post\" data-elementor-id=\"1336\" class=\"elementor elementor-1336\" data-elementor-post-type=\"post\">\n\t\t\t\t<div class=\"elementor-element elementor-element-6ba8b31 e-flex e-con-boxed e-con e-parent\" data-id=\"6ba8b31\" data-element_type=\"container\">\n\t\t\t\t\t<div class=\"e-con-inner\">\n\t\t\t\t<div class=\"elementor-element elementor-element-a333ba8 elementor-widget elementor-widget-heading\" data-id=\"a333ba8\" data-element_type=\"widget\" data-widget_type=\"heading.default\">\n\t\t\t\t<div class=\"elementor-widget-container\">\n\t\t\t\t\t<h2 class=\"elementor-heading-title elementor-size-default\">Celebrando a nuestros ni\u00f1os y ni\u00f1as<\/h2>\t\t\t\t<\/div>\n\t\t\t\t<\/div>\n\t\t\t\t\t<\/div>\n\t\t\t\t<\/div>\n\t\t<div class=\"elementor-element elementor-element-0b3c96d e-flex e-con-boxed e-con e-parent\" data-id=\"0b3c96d\" data-element_type=\"container\">\n\t\t\t\t\t<div class=\"e-con-inner\">\n\t\t\t\t<div class=\"elementor-element elementor-element-7be5aa8 elementor-widget elementor-widget-spacer\" data-id=\"7be5aa8\" data-element_type=\"widget\" data-widget_type=\"spacer.default\">\n\t\t\t\t<div class=\"elementor-widget-container\">\n\t\t\t\t\t\t\t<div class=\"elementor-spacer\">\n\t\t\t<div class=\"elementor-spacer-inner\"><\/div>\n\t\t<\/div>\n\t\t\t\t\t\t<\/div>\n\t\t\t\t<\/div>\n\t\t\t\t\t<\/div>\n\t\t\t\t<\/div>\n\t\t<div class=\"elementor-element elementor-element-4617ec1 e-flex e-con-boxed e-con e-parent\" data-id=\"4617ec1\" data-element_type=\"container\">\n\t\t\t\t\t<div class=\"e-con-inner\">\n\t\t\t\t<div class=\"elementor-element elementor-element-e4a54ac elementor-widget elementor-widget-text-editor\" data-id=\"e4a54ac\" data-element_type=\"widget\" data-widget_type=\"text-editor.default\">\n\t\t\t\t<div class=\"elementor-widget-container\">\n\t\t\t\t\t\t\t\t\t<div><p data-start=\"198\" data-end=\"466\">El pasado viernes 08 de agosto, la Escuela Llano Subercaseaux se llen\u00f3 de colores, risas y alegr\u00eda para conmemorar el <strong>D\u00eda de la Ni\u00f1ez<\/strong>. Nuestra comunidad educativa prepar\u00f3 con dedicaci\u00f3n una jornada especial en la que las y los estudiantes fueron los protagonistas.<\/p><p data-start=\"468\" data-end=\"785\">Durante la celebraci\u00f3n, disfrutaron de <strong data-start=\"507\" data-end=\"573\">actividades recreativas, juegos, m\u00fasica, concursos y sorpresas<\/strong>, fomentando el respeto, la participaci\u00f3n y la sana interacci\u00f3n entre todos y todas. Esta instancia no solo busc\u00f3 entregar momentos de diversi\u00f3n, sino tambi\u00e9n fortalecer nuestros <strong data-start=\"744\" data-end=\"770\">sellos institucionales<\/strong>, tales como:<\/p><ul data-start=\"787\" data-end=\"1133\"><li data-start=\"787\" data-end=\"932\"><p data-start=\"789\" data-end=\"932\"><strong data-start=\"789\" data-end=\"811\">Formaci\u00f3n integral<\/strong>: promoviendo el desarrollo de habilidades, valores y actitudes que aportan al crecimiento personal de cada estudiante.<\/p><\/li><li data-start=\"933\" data-end=\"1032\"><p data-start=\"935\" data-end=\"1032\"><strong data-start=\"935\" data-end=\"964\">Compromiso con el entorno<\/strong>: incentivando el trabajo en comunidad y el respeto por los dem\u00e1s.<\/p><\/li><li data-start=\"1033\" data-end=\"1133\"><p data-start=\"1035\" data-end=\"1133\"><strong data-start=\"1035\" data-end=\"1059\">Innovaci\u00f3n educativa<\/strong>: generando experiencias significativas y creativas para el aprendizaje.<\/p><\/li><\/ul><p data-start=\"1135\" data-end=\"1301\">Asimismo, la jornada se enmarc\u00f3 en nuestro compromiso con la <strong data-start=\"1196\" data-end=\"1224\">Sana Convivencia Escolar<\/strong>, fomentando un ambiente inclusivo, seguro y respetuoso para todos y todas.<\/p><p data-start=\"1303\" data-end=\"1503\">Agradecemos a quienes hicieron posible esta hermosa actividad y reafirmamos nuestra misi\u00f3n de seguir construyendo <strong data-start=\"1417\" data-end=\"1500\">espacios de alegr\u00eda, cuidado y respeto para cada ni\u00f1a y ni\u00f1o de nuestra escuela<\/strong>.<\/p><\/div><p data-start=\"1303\" data-end=\"1503\">Convivencia educativa<\/p><div><div dir=\"auto\">\u00a0<\/div><\/div><div dir=\"auto\"><div><div dir=\"auto\" style=\"text-align: right;\">Comunicaciones Escuela Llano Subercaseaux 2025<\/div><\/div><div>\u00a0<\/div><\/div><div><div dir=\"auto\">\u00a0<\/div><\/div>\t\t\t\t\t\t\t\t<\/div>\n\t\t\t\t<\/div>\n\t\t\t\t\t<\/div>\n\t\t\t\t<\/div>\n\t\t<div class=\"elementor-element elementor-element-4f943fc e-flex e-con-boxed e-con e-parent\" data-id=\"4f943fc\" data-element_type=\"container\">\n\t\t\t\t\t<div class=\"e-con-inner\">\n\t\t<div class=\"elementor-element elementor-element-8dd189e e-con-full e-flex e-con e-child\" data-id=\"8dd189e\" data-element_type=\"container\">\n\t\t\t\t<div class=\"elementor-element elementor-element-781cad7 elementor-view-stacked elementor-shape-circle elementor-widget elementor-widget-icon\" data-id=\"781cad7\" data-element_type=\"widget\" data-widget_type=\"icon.default\">\n\t\t\t\t<div class=\"elementor-widget-container\">\n\t\t\t\t\t\t\t<div class=\"elementor-icon-wrapper\">\n\t\t\t<a class=\"elementor-icon\" href=\"https:\/\/escuelallanosubercaseaux.cl\/?page_id=378\">\n\t\t\t<svg aria-hidden=\"true\" class=\"e-font-icon-svg e-fas-photo-video\" viewBox=\"0 0 640 512\" xmlns=\"http:\/\/www.w3.org\/2000\/svg\"><path d=\"M608 0H160a32 32 0 0 0-32 32v96h160V64h192v320h128a32 32 0 0 0 32-32V32a32 32 0 0 0-32-32zM232 103a9 9 0 0 1-9 9h-30a9 9 0 0 1-9-9V73a9 9 0 0 1 9-9h30a9 9 0 0 1 9 9zm352 208a9 9 0 0 1-9 9h-30a9 9 0 0 1-9-9v-30a9 9 0 0 1 9-9h30a9 9 0 0 1 9 9zm0-104a9 9 0 0 1-9 9h-30a9 9 0 0 1-9-9v-30a9 9 0 0 1 9-9h30a9 9 0 0 1 9 9zm0-104a9 9 0 0 1-9 9h-30a9 9 0 0 1-9-9V73a9 9 0 0 1 9-9h30a9 9 0 0 1 9 9zm-168 57H32a32 32 0 0 0-32 32v288a32 32 0 0 0 32 32h384a32 32 0 0 0 32-32V192a32 32 0 0 0-32-32zM96 224a32 32 0 1 1-32 32 32 32 0 0 1 32-32zm288 224H64v-32l64-64 32 32 128-128 96 96z\"><\/path><\/svg>\t\t\t<\/a>\n\t\t<\/div>\n\t\t\t\t\t\t<\/div>\n\t\t\t\t<\/div>\n\t\t\t\t<\/div>\n\t\t<div class=\"elementor-element elementor-element-3f051b9 e-con-full e-flex e-con e-child\" data-id=\"3f051b9\" data-element_type=\"container\">\n\t\t\t\t<div class=\"elementor-element elementor-element-d861d13 elementor-widget elementor-widget-heading\" data-id=\"d861d13\" data-element_type=\"widget\" data-widget_type=\"heading.default\">\n\t\t\t\t<div class=\"elementor-widget-container\">\n\t\t\t\t\t<h2 class=\"elementor-heading-title elementor-size-default\">&lt;&lt; Pincha aqu\u00ed para saber m\u00e1s<\/h2>\t\t\t\t<\/div>\n\t\t\t\t<\/div>\n\t\t\t\t<\/div>\n\t\t\t\t\t<\/div>\n\t\t\t\t<\/div>\n\t\t\t\t<\/div>\n\t\t","protected":false},"excerpt":{"rendered":"<p>Celebrando a nuestros ni\u00f1os y ni\u00f1as El pasado viernes 08 de agosto, la Escuela Llano Subercaseaux se llen\u00f3 de colores, risas y alegr\u00eda para conmemorar el D\u00eda de la Ni\u00f1ez. Nuestra comunidad educativa prepar\u00f3 con dedicaci\u00f3n una jornada especial en la que las y los estudiantes fueron los protagonistas. Durante la celebraci\u00f3n, disfrutaron de actividades [&hellip;]<\/p>\n","protected":false},"author":1,"featured_media":1328,"comment_status":"closed","ping_status":"open","sticky":false,"template":"","format":"standard","meta":{"footnotes":""},"categories":[8],"tags":[],"class_list":["post-1336","post","type-post","status-publish","format-standard","has-post-thumbnail","hentry","category-noticias"],"_links":{"self":[{"href":"https:\/\/escuelallanosubercaseaux.cl\/index.php?rest_route=\/wp\/v2\/posts\/1336","targetHints":{"allow":["GET"]}}],"collection":[{"href":"https:\/\/escuelallanosubercaseaux.cl\/index.php?rest_route=\/wp\/v2\/posts"}],"about":[{"href":"https:\/\/escuelallanosubercaseaux.cl\/index.php?rest_route=\/wp\/v2\/types\/post"}],"author":[{"embeddable":true,"href":"https:\/\/escuelallanosubercaseaux.cl\/index.php?rest_route=\/wp\/v2\/users\/1"}],"replies":[{"embeddable":true,"href":"https:\/\/escuelallanosubercaseaux.cl\/index.php?rest_route=%2Fwp%2Fv2%2Fcomments&post=1336"}],"version-history":[{"count":29,"href":"https:\/\/escuelallanosubercaseaux.cl\/index.php?rest_route=\/wp\/v2\/posts\/1336\/revisions"}],"predecessor-version":[{"id":1365,"href":"https:\/\/escuelallanosubercaseaux.cl\/index.php?rest_route=\/wp\/v2\/posts\/1336\/revisions\/1365"}],"wp:featuredmedia":[{"embeddable":true,"href":"https:\/\/escuelallanosubercaseaux.cl\/index.php?rest_route=\/wp\/v2\/media\/1328"}],"wp:attachment":[{"href":"https:\/\/escuelallanosubercaseaux.cl\/index.php?rest_route=%2Fwp%2Fv2%2Fmedia&parent=1336"}],"wp:term":[{"taxonomy":"category","embeddable":true,"href":"https:\/\/escuelallanosubercaseaux.cl\/index.php?rest_route=%2Fwp%2Fv2%2Fcategories&post=1336"},{"taxonomy":"post_tag","embeddable":true,"href":"https:\/\/escuelallanosubercaseaux.cl\/index.php?rest_route=%2Fwp%2Fv2%2Ftags&post=1336"}],"curies":[{"name":"wp","href":"https:\/\/api.w.org\/{rel}","templated":true}]}}