{"id":1962,"date":"2025-08-18T19:39:55","date_gmt":"2025-08-18T19:39:55","guid":{"rendered":"https:\/\/escuelallanosubercaseaux.cl\/?p=1962"},"modified":"2025-08-19T20:02:13","modified_gmt":"2025-08-19T20:02:13","slug":"inicio-ano-academico-2024-3-2-2-2-2-2-2-2-2-2-2","status":"publish","type":"post","link":"https:\/\/escuelallanosubercaseaux.cl\/?p=1962","title":{"rendered":"Proceso de Admisi\u00f3n Escolar 2026"},"content":{"rendered":"\t\t<div data-elementor-type=\"wp-post\" data-elementor-id=\"1962\" class=\"elementor elementor-1962\" data-elementor-post-type=\"post\">\n\t\t\t\t<div class=\"elementor-element elementor-element-6ba8b31 e-flex e-con-boxed e-con e-parent\" data-id=\"6ba8b31\" data-element_type=\"container\">\n\t\t\t\t\t<div class=\"e-con-inner\">\n\t\t\t\t<div class=\"elementor-element elementor-element-a333ba8 elementor-widget elementor-widget-heading\" data-id=\"a333ba8\" data-element_type=\"widget\" data-widget_type=\"heading.default\">\n\t\t\t\t<div class=\"elementor-widget-container\">\n\t\t\t\t\t<h2 class=\"elementor-heading-title elementor-size-default\">\u00a1Te Invitamos a ser parte de nuestra Escuela !<\/h2>\t\t\t\t<\/div>\n\t\t\t\t<\/div>\n\t\t\t\t\t<\/div>\n\t\t\t\t<\/div>\n\t\t<div class=\"elementor-element elementor-element-0b3c96d e-flex e-con-boxed e-con e-parent\" data-id=\"0b3c96d\" data-element_type=\"container\">\n\t\t\t\t\t<div class=\"e-con-inner\">\n\t\t\t\t<div class=\"elementor-element elementor-element-7be5aa8 elementor-widget elementor-widget-spacer\" data-id=\"7be5aa8\" data-element_type=\"widget\" data-widget_type=\"spacer.default\">\n\t\t\t\t<div class=\"elementor-widget-container\">\n\t\t\t\t\t\t\t<div class=\"elementor-spacer\">\n\t\t\t<div class=\"elementor-spacer-inner\"><\/div>\n\t\t<\/div>\n\t\t\t\t\t\t<\/div>\n\t\t\t\t<\/div>\n\t\t\t\t\t<\/div>\n\t\t\t\t<\/div>\n\t\t<div class=\"elementor-element elementor-element-4617ec1 e-flex e-con-boxed e-con e-parent\" data-id=\"4617ec1\" data-element_type=\"container\">\n\t\t\t\t\t<div class=\"e-con-inner\">\n\t\t\t\t<div class=\"elementor-element elementor-element-e4a54ac elementor-widget elementor-widget-text-editor\" data-id=\"e4a54ac\" data-element_type=\"widget\" data-widget_type=\"text-editor.default\">\n\t\t\t\t<div class=\"elementor-widget-container\">\n\t\t\t\t\t\t\t\t\t<div><p data-start=\"268\" data-end=\"524\">El <strong>Sistema de Admisi\u00f3n Escolar<\/strong> (SAE) es una plataforma web donde los apoderados pueden postular a sus hijos e hijas a todos los establecimientos p\u00fablicos y particulares subvencionados del pa\u00eds. En ella encontrar\u00e1s toda la informaci\u00f3n necesaria del proceso.<\/p><h3 data-start=\"526\" data-end=\"583\">\u00a0<\/h3><h3 data-start=\"526\" data-end=\"583\">\ud83d\uddd3\ufe0f Fechas Clave del Proceso de Admisi\u00f3n Escolar 2026<\/h3><ul data-start=\"585\" data-end=\"1192\"><li data-start=\"585\" data-end=\"642\"><p data-start=\"587\" data-end=\"642\"><strong data-start=\"587\" data-end=\"603\">Prerregistro<\/strong>: <span class=\"relative -mx-px my-[-0.2rem] rounded px-px py-[0.2rem] transition-colors duration-100 ease-in-out\">Desde el 22 de julio hasta el 4 de agosto de 2025.<\/span><\/p><\/li><li data-start=\"643\" data-end=\"720\"><p data-start=\"645\" data-end=\"720\"><strong data-start=\"645\" data-end=\"681\">Periodo Principal de Postulaci\u00f3n<\/strong>: <span class=\"relative -mx-px my-[-0.2rem] rounded px-px py-[0.2rem] transition-colors duration-100 ease-in-out\">Desde el 5 de agosto (9:00 horas) hasta el 28 de agosto de 2025 (14:00 horas).<\/span><\/p><\/li><li data-start=\"721\" data-end=\"813\"><p data-start=\"723\" data-end=\"813\"><strong data-start=\"723\" data-end=\"774\">Publicaci\u00f3n de Resultados del Periodo Principal<\/strong>: <span class=\"relative -mx-px my-[-0.2rem] rounded px-px py-[0.2rem] transition-colors duration-100 ease-in-out\">Desde el 15 hasta el 21 de octubre de 2025.<\/span><\/p><\/li><li data-start=\"814\" data-end=\"910\"><p data-start=\"816\" data-end=\"910\"><strong data-start=\"816\" data-end=\"869\">Publicaci\u00f3n de Resultados de las Listas de Espera<\/strong>: <span class=\"relative -mx-px my-[-0.2rem] rounded px-px py-[0.2rem] transition-colors duration-100 ease-in-out\">29 y 30 de octubre de 2025.<\/span><\/p><\/li><li data-start=\"911\" data-end=\"995\"><p data-start=\"913\" data-end=\"995\"><strong data-start=\"913\" data-end=\"954\">Periodo Complementario de Postulaci\u00f3n<\/strong>: <span class=\"relative -mx-px my-[-0.2rem] rounded px-px py-[0.2rem] transition-colors duration-100 ease-in-out\">Desde el 12 (9:00 horas) hasta el 19 de noviembre de 2025 (14:00 horas).<\/span><\/p><\/li><li data-start=\"996\" data-end=\"1095\"><p data-start=\"998\" data-end=\"1095\"><strong data-start=\"998\" data-end=\"1054\">Publicaci\u00f3n de Resultados del Periodo Complementario<\/strong>: <span class=\"relative -mx-px my-[-0.2rem] rounded px-px py-[0.2rem] transition-colors duration-100 ease-in-out\">2 de diciembre de 2025.<\/span><\/p><\/li><li data-start=\"1096\" data-end=\"1192\"><p data-start=\"1098\" data-end=\"1192\"><strong data-start=\"1098\" data-end=\"1112\">Matr\u00edculas<\/strong>: <span class=\"relative -mx-px my-[-0.2rem] rounded px-px py-[0.2rem] transition-colors duration-100 ease-in-out\">Desde el 9 hasta el 23 de diciembre de 2025.<\/span><\/p><\/li><\/ul><h3 data-start=\"1194\" data-end=\"1224\">\u00a0<\/h3><h3 data-start=\"1194\" data-end=\"1224\">\u2705 \u00bfQui\u00e9nes deben postular?<\/h3><p data-start=\"1226\" data-end=\"1244\">Debes postular si:<\/p><ul data-start=\"1246\" data-end=\"1452\"><li data-start=\"1246\" data-end=\"1287\"><p data-start=\"1248\" data-end=\"1287\"><span class=\"relative -mx-px my-[-0.2rem] rounded px-px py-[0.2rem] transition-colors duration-100 ease-in-out\">Est\u00e1s estudiando en un establecimiento que no tiene continuidad para el siguiente nivel.<\/span><\/p><\/li><li data-start=\"1288\" data-end=\"1329\"><p data-start=\"1290\" data-end=\"1329\"><span class=\"relative -mx-px my-[-0.2rem] rounded px-px py-[0.2rem] transition-colors duration-100 ease-in-out\">Deseas ingresar por primera vez a un establecimiento p\u00fablico o particular subvencionado.<\/span><\/p><\/li><li data-start=\"1330\" data-end=\"1371\"><p data-start=\"1332\" data-end=\"1371\"><span class=\"relative -mx-px my-[-0.2rem] rounded px-px py-[0.2rem] transition-colors duration-100 ease-in-out\">Quieres cambiarte de establecimiento (recuerda que si tu hijo o hija queda asignado a un nuevo establecimiento, perder\u00e1s el cupo en el colegio actual).<\/span><\/p><\/li><li data-start=\"1372\" data-end=\"1452\"><p data-start=\"1374\" data-end=\"1452\"><span class=\"relative -mx-px my-[-0.2rem] rounded px-px py-[0.2rem] transition-colors duration-100 ease-in-out\">Deseas reincorporarte al sistema educativo.<\/span><\/p><\/li><\/ul><h3 data-start=\"1454\" data-end=\"1485\">\u00a0<\/h3><h3 data-start=\"1454\" data-end=\"1485\">\u274c No necesitas postular si:<\/h3><ul data-start=\"1487\" data-end=\"1735\"><li data-start=\"1487\" data-end=\"1528\"><p data-start=\"1489\" data-end=\"1528\"><span class=\"relative -mx-px my-[-0.2rem] rounded px-px py-[0.2rem] transition-colors duration-100 ease-in-out\">Quieres continuar en tu mismo establecimiento.<\/span><\/p><\/li><li data-start=\"1529\" data-end=\"1570\"><p data-start=\"1531\" data-end=\"1570\"><span class=\"relative -mx-px my-[-0.2rem] rounded px-px py-[0.2rem] transition-colors duration-100 ease-in-out\">Deseas ingresar a jardines infantiles JUNJI, Integra o escuelas de p\u00e1rvulos.<\/span><\/p><\/li><li data-start=\"1571\" data-end=\"1612\"><p data-start=\"1573\" data-end=\"1612\"><span class=\"relative -mx-px my-[-0.2rem] rounded px-px py-[0.2rem] transition-colors duration-100 ease-in-out\">Quieres ingresar a un colegio particular pagado.<\/span><\/p><\/li><li data-start=\"1613\" data-end=\"1654\"><p data-start=\"1615\" data-end=\"1654\"><span class=\"relative -mx-px my-[-0.2rem] rounded px-px py-[0.2rem] transition-colors duration-100 ease-in-out\">Deseas ingresar a un establecimiento que imparta educaci\u00f3n de adultos.<\/span><\/p><\/li><li data-start=\"1655\" data-end=\"1735\"><p data-start=\"1657\" data-end=\"1735\"><span class=\"relative -mx-px my-[-0.2rem] rounded px-px py-[0.2rem] transition-colors duration-100 ease-in-out\">Quieres ingresar a una escuela de lenguaje o de educaci\u00f3n especial.<\/span><\/p><\/li><\/ul><h3 data-start=\"1737\" data-end=\"1765\">\u00a0<\/h3><h3 data-start=\"1737\" data-end=\"1765\">\ud83d\udccc Informaci\u00f3n adicional<\/h3><ul data-start=\"1767\" data-end=\"1973\"><li data-start=\"1767\" data-end=\"1808\"><p data-start=\"1769\" data-end=\"1808\"><span class=\"relative -mx-px my-[-0.2rem] rounded px-px py-[0.2rem] transition-colors duration-100 ease-in-out\">Es importante que conozcas el calendario del Sistema de Admisi\u00f3n Escolar, ya que las fechas de postulaci\u00f3n, publicaci\u00f3n de resultados y matr\u00edcula son fijas y no se extienden.<\/span><\/p><\/li><li data-start=\"1809\" data-end=\"1850\"><p data-start=\"1811\" data-end=\"1850\"><span class=\"relative -mx-px my-[-0.2rem] rounded px-px py-[0.2rem] transition-colors duration-100 ease-in-out\">Durante el periodo principal, se recomienda postular a al menos seis establecimientos distintos, en orden de preferencia, para aumentar las posibilidades de obtener un cupo.<\/span><\/p><\/li><li data-start=\"1851\" data-end=\"1892\"><p data-start=\"1853\" data-end=\"1892\"><span class=\"relative -mx-px my-[-0.2rem] rounded px-px py-[0.2rem] transition-colors duration-100 ease-in-out\">Si tu hijo o hija es asignado a un nuevo establecimiento, se liberar\u00e1 autom\u00e1ticamente el cupo en el establecimiento donde actualmente est\u00e1 matriculado.<\/span><\/p><\/li><li data-start=\"1893\" data-end=\"1973\"><p data-start=\"1895\" data-end=\"1973\"><span class=\"relative -mx-px my-[-0.2rem] rounded px-px py-[0.2rem] transition-colors duration-100 ease-in-out\">Si no quedas asignado en el periodo principal, podr\u00e1s participar en el periodo complementario de postulaci\u00f3n.<\/span><\/p><\/li><\/ul><h3 data-start=\"1975\" data-end=\"1997\">\u00a0<\/h3><h3 data-start=\"1975\" data-end=\"1997\">\u2139\ufe0f M\u00e1s informaci\u00f3n<\/h3><p data-start=\"1999\" data-end=\"2154\">Para m\u00e1s detalles y para realizar la postulaci\u00f3n, ingresa al sitio web oficial: <a class=\"decorated-link\" href=\"https:\/\/www.sistemadeadmisionescolar.cl\/\" target=\"_new\" rel=\"noopener\" data-start=\"2079\" data-end=\"2154\">www.sistemadeadmisionescolar.cl<\/a><\/p><p data-start=\"2156\" data-end=\"2234\"><span class=\"relative -mx-px my-[-0.2rem] rounded px-px py-[0.2rem] transition-colors duration-100 ease-in-out\">Tambi\u00e9n puedes llamar al Call Center de Ayuda Mineduc al 600 600 26 26 o al 442 360 047 desde celulares, de lunes a viernes de 8:00 a 18:00 hrs.<\/span><\/p><\/div><div><div dir=\"auto\">\u00a0<\/div><\/div><div dir=\"auto\"><div><div dir=\"auto\" style=\"text-align: right;\">Comunicaciones Escuela Llano Subercaseaux 2025<\/div><\/div><div>\u00a0<\/div><\/div><div><div dir=\"auto\">\u00a0<\/div><\/div>\t\t\t\t\t\t\t\t<\/div>\n\t\t\t\t<\/div>\n\t\t\t\t\t<\/div>\n\t\t\t\t<\/div>\n\t\t<div class=\"elementor-element elementor-element-f894192 e-flex e-con-boxed e-con e-parent\" data-id=\"f894192\" data-element_type=\"container\">\n\t\t\t\t\t<div class=\"e-con-inner\">\n\t\t<div class=\"elementor-element elementor-element-68d7e23 e-con-full e-flex e-con e-child\" data-id=\"68d7e23\" data-element_type=\"container\">\n\t\t\t\t<div class=\"elementor-element elementor-element-c4f1f79 elementor-widget elementor-widget-video\" data-id=\"c4f1f79\" data-element_type=\"widget\" data-settings=\"{&quot;youtube_url&quot;:&quot;https:\\\/\\\/www.youtube.com\\\/watch?v=beu4FjEJY2Y&quot;,&quot;video_type&quot;:&quot;youtube&quot;,&quot;controls&quot;:&quot;yes&quot;}\" data-widget_type=\"video.default\">\n\t\t\t\t<div class=\"elementor-widget-container\">\n\t\t\t\t\t\t\t<div class=\"elementor-wrapper elementor-open-inline\">\n\t\t\t<div class=\"elementor-video\"><\/div>\t\t<\/div>\n\t\t\t\t\t\t<\/div>\n\t\t\t\t<\/div>\n\t\t\t\t<\/div>\n\t\t<div class=\"elementor-element elementor-element-5b7021e e-flex e-con-boxed e-con e-child\" data-id=\"5b7021e\" data-element_type=\"container\">\n\t\t\t\t\t<div class=\"e-con-inner\">\n\t\t\t\t\t<\/div>\n\t\t\t\t<\/div>\n\t\t<div class=\"elementor-element elementor-element-d68afc8 e-con-full e-flex e-con e-child\" data-id=\"d68afc8\" data-element_type=\"container\">\n\t\t\t\t<div class=\"elementor-element elementor-element-6066fa6 elementor-widget elementor-widget-image\" data-id=\"6066fa6\" data-element_type=\"widget\" data-widget_type=\"image.default\">\n\t\t\t\t<div class=\"elementor-widget-container\">\n\t\t\t\t\t\t\t\t\t\t\t\t\t\t\t\t<a href=\"https:\/\/drive.google.com\/file\/d\/1P9tK5H6osaAkYwc7n1sHdvh5MV7tLUou\/view?usp=sharing\">\n\t\t\t\t\t\t\t<img fetchpriority=\"high\" decoding=\"async\" width=\"768\" height=\"507\" src=\"https:\/\/escuelallanosubercaseaux.cl\/wp-content\/uploads\/2024\/03\/VIDEO-ICONO-768x507.jpg\" class=\"attachment-medium_large size-medium_large wp-image-783\" alt=\"\" srcset=\"https:\/\/escuelallanosubercaseaux.cl\/wp-content\/uploads\/2024\/03\/VIDEO-ICONO-768x507.jpg 768w, https:\/\/escuelallanosubercaseaux.cl\/wp-content\/uploads\/2024\/03\/VIDEO-ICONO-300x198.jpg 300w, https:\/\/escuelallanosubercaseaux.cl\/wp-content\/uploads\/2024\/03\/VIDEO-ICONO-1024x676.jpg 1024w, https:\/\/escuelallanosubercaseaux.cl\/wp-content\/uploads\/2024\/03\/VIDEO-ICONO.jpg 1114w\" sizes=\"(max-width: 768px) 100vw, 768px\" \/>\t\t\t\t\t\t\t\t<\/a>\n\t\t\t\t\t\t\t\t\t\t\t\t\t\t\t<\/div>\n\t\t\t\t<\/div>\n\t\t\t\t<\/div>\n\t\t\t\t\t<\/div>\n\t\t\t\t<\/div>\n\t\t\t\t<\/div>\n\t\t","protected":false},"excerpt":{"rendered":"<p>\u00a1Te Invitamos a ser parte de nuestra Escuela ! El Sistema de Admisi\u00f3n Escolar (SAE) es una plataforma web donde los apoderados pueden postular a sus hijos e hijas a todos los establecimientos p\u00fablicos y particulares subvencionados del pa\u00eds. En ella encontrar\u00e1s toda la informaci\u00f3n necesaria del proceso. \u00a0 \ud83d\uddd3\ufe0f Fechas Clave del Proceso de [&hellip;]<\/p>\n","protected":false},"author":1,"featured_media":1961,"comment_status":"closed","ping_status":"open","sticky":false,"template":"","format":"standard","meta":{"footnotes":""},"categories":[8],"tags":[],"class_list":["post-1962","post","type-post","status-publish","format-standard","has-post-thumbnail","hentry","category-noticias"],"_links":{"self":[{"href":"https:\/\/escuelallanosubercaseaux.cl\/index.php?rest_route=\/wp\/v2\/posts\/1962","targetHints":{"allow":["GET"]}}],"collection":[{"href":"https:\/\/escuelallanosubercaseaux.cl\/index.php?rest_route=\/wp\/v2\/posts"}],"about":[{"href":"https:\/\/escuelallanosubercaseaux.cl\/index.php?rest_route=\/wp\/v2\/types\/post"}],"author":[{"embeddable":true,"href":"https:\/\/escuelallanosubercaseaux.cl\/index.php?rest_route=\/wp\/v2\/users\/1"}],"replies":[{"embeddable":true,"href":"https:\/\/escuelallanosubercaseaux.cl\/index.php?rest_route=%2Fwp%2Fv2%2Fcomments&post=1962"}],"version-history":[{"count":85,"href":"https:\/\/escuelallanosubercaseaux.cl\/index.php?rest_route=\/wp\/v2\/posts\/1962\/revisions"}],"predecessor-version":[{"id":2053,"href":"https:\/\/escuelallanosubercaseaux.cl\/index.php?rest_route=\/wp\/v2\/posts\/1962\/revisions\/2053"}],"wp:featuredmedia":[{"embeddable":true,"href":"https:\/\/escuelallanosubercaseaux.cl\/index.php?rest_route=\/wp\/v2\/media\/1961"}],"wp:attachment":[{"href":"https:\/\/escuelallanosubercaseaux.cl\/index.php?rest_route=%2Fwp%2Fv2%2Fmedia&parent=1962"}],"wp:term":[{"taxonomy":"category","embeddable":true,"href":"https:\/\/escuelallanosubercaseaux.cl\/index.php?rest_route=%2Fwp%2Fv2%2Fcategories&post=1962"},{"taxonomy":"post_tag","embeddable":true,"href":"https:\/\/escuelallanosubercaseaux.cl\/index.php?rest_route=%2Fwp%2Fv2%2Ftags&post=1962"}],"curies":[{"name":"wp","href":"https:\/\/api.w.org\/{rel}","templated":true}]}}