{"id":2054,"date":"2025-08-20T15:25:03","date_gmt":"2025-08-20T15:25:03","guid":{"rendered":"https:\/\/escuelallanosubercaseaux.cl\/?p=2054"},"modified":"2025-08-21T17:57:13","modified_gmt":"2025-08-21T17:57:13","slug":"inicio-ano-academico-2024-3-2-2-2-2-2-2-2-2-2-2-2","status":"publish","type":"post","link":"https:\/\/escuelallanosubercaseaux.cl\/?p=2054","title":{"rendered":"D\u00eda de la Paz y la NO violencia"},"content":{"rendered":"\t\t<div data-elementor-type=\"wp-post\" data-elementor-id=\"2054\" class=\"elementor elementor-2054\" data-elementor-post-type=\"post\">\n\t\t\t\t<div class=\"elementor-element elementor-element-6ba8b31 e-flex e-con-boxed e-con e-parent\" data-id=\"6ba8b31\" data-element_type=\"container\">\n\t\t\t\t\t<div class=\"e-con-inner\">\n\t\t\t\t<div class=\"elementor-element elementor-element-a333ba8 elementor-widget elementor-widget-heading\" data-id=\"a333ba8\" data-element_type=\"widget\" data-widget_type=\"heading.default\">\n\t\t\t\t<div class=\"elementor-widget-container\">\n\t\t\t\t\t<h2 class=\"elementor-heading-title elementor-size-default\">D\u00eda de la Paz y NO Violencia<\/h2>\t\t\t\t<\/div>\n\t\t\t\t<\/div>\n\t\t\t\t\t<\/div>\n\t\t\t\t<\/div>\n\t\t<div class=\"elementor-element elementor-element-0b3c96d e-flex e-con-boxed e-con e-parent\" data-id=\"0b3c96d\" data-element_type=\"container\">\n\t\t\t\t\t<div class=\"e-con-inner\">\n\t\t\t\t<div class=\"elementor-element elementor-element-7be5aa8 elementor-widget elementor-widget-spacer\" data-id=\"7be5aa8\" data-element_type=\"widget\" data-widget_type=\"spacer.default\">\n\t\t\t\t<div class=\"elementor-widget-container\">\n\t\t\t\t\t\t\t<div class=\"elementor-spacer\">\n\t\t\t<div class=\"elementor-spacer-inner\"><\/div>\n\t\t<\/div>\n\t\t\t\t\t\t<\/div>\n\t\t\t\t<\/div>\n\t\t\t\t\t<\/div>\n\t\t\t\t<\/div>\n\t\t<div class=\"elementor-element elementor-element-4617ec1 e-flex e-con-boxed e-con e-parent\" data-id=\"4617ec1\" data-element_type=\"container\">\n\t\t\t\t\t<div class=\"e-con-inner\">\n\t\t\t\t<div class=\"elementor-element elementor-element-e4a54ac elementor-widget elementor-widget-text-editor\" data-id=\"e4a54ac\" data-element_type=\"widget\" data-widget_type=\"text-editor.default\">\n\t\t\t\t<div class=\"elementor-widget-container\">\n\t\t\t\t\t\t\t\t\t<div><p data-start=\"137\" data-end=\"476\">El d\u00eda de ayer, nuestra Escuela Llano Subercaseaux conmemor\u00f3 y celebr\u00f3 el <span style=\"color: #800000;\"><strong><em data-start=\"211\" data-end=\"244\">D\u00eda de la Paz y la No Violencia<\/em><\/strong><\/span>.<br data-start=\"245\" data-end=\"248\" \/>En esta jornada, estudiantes, docentes y funcionarios participaron en diversas actividades orientadas a promover el respeto, la tolerancia y la importancia de construir una comunidad basada en la sana convivencia y la armon\u00eda.<\/p><p data-start=\"478\" data-end=\"856\">Como parte de la conmemoraci\u00f3n, los ni\u00f1os y ni\u00f1as de nuestra escuela <strong>expresaron sus sentimientos<\/strong> y reflexiones escribiendo en papel\u00f3grafos instalados en distintos sectores del establecimiento. En ellos, dejaron plasmados <strong>deseos de paz<\/strong> hacia sus pares y hacia toda la comunidad, reforzando el compromiso colectivo de cultivar relaciones m\u00e1s solidarias, emp\u00e1ticas y respetuosas.<\/p><p data-start=\"478\" data-end=\"856\">Adem\u00e1s, los integrantes de nuestra radio escolar <strong data-start=\"936\" data-end=\"949\">\u201cRALLANO\u201d<\/strong> se sumaron a la celebraci\u00f3n, transmitiendo mensajes y reflexiones e invitaron a toda la comunidad a participar en la creaci\u00f3n de un video con mensajes de paz dirigidos toda la comunidad educativa.<\/p><p data-start=\"858\" data-end=\"1111\">Este encuentro fue una valiosa oportunidad para reflexionar sobre <strong>el valor de la paz como camino de crecimiento personal y comunitario<\/strong>, fortaleciendo nuestro compromiso de formar ciudadanos y ciudadanas que contribuyan a un mundo m\u00e1s justo y fraterno.<\/p><\/div><div dir=\"auto\"><div><div dir=\"auto\" style=\"text-align: right;\">Comunicaciones Escuela Llano Subercaseaux 2025<\/div><\/div><div>\u00a0<\/div><\/div><div><div dir=\"auto\">\u00a0<\/div><\/div>\t\t\t\t\t\t\t\t<\/div>\n\t\t\t\t<\/div>\n\t\t\t\t\t<\/div>\n\t\t\t\t<\/div>\n\t\t<div class=\"elementor-element elementor-element-ff5624c e-flex e-con-boxed e-con e-parent\" data-id=\"ff5624c\" data-element_type=\"container\">\n\t\t\t\t\t<div class=\"e-con-inner\">\n\t\t\t\t<div class=\"elementor-element elementor-element-c7c0144 elementor-skin-carousel elementor-arrows-yes elementor-pagination-type-bullets elementor-pagination-position-outside elementor-widget elementor-widget-media-carousel\" data-id=\"c7c0144\" data-element_type=\"widget\" data-settings=\"{&quot;space_between&quot;:{&quot;unit&quot;:&quot;px&quot;,&quot;size&quot;:25,&quot;sizes&quot;:[]},&quot;skin&quot;:&quot;carousel&quot;,&quot;effect&quot;:&quot;slide&quot;,&quot;show_arrows&quot;:&quot;yes&quot;,&quot;pagination&quot;:&quot;bullets&quot;,&quot;speed&quot;:500,&quot;autoplay&quot;:&quot;yes&quot;,&quot;autoplay_speed&quot;:5000,&quot;loop&quot;:&quot;yes&quot;,&quot;pause_on_hover&quot;:&quot;yes&quot;,&quot;pause_on_interaction&quot;:&quot;yes&quot;,&quot;space_between_tablet&quot;:{&quot;unit&quot;:&quot;px&quot;,&quot;size&quot;:10,&quot;sizes&quot;:[]},&quot;space_between_mobile&quot;:{&quot;unit&quot;:&quot;px&quot;,&quot;size&quot;:10,&quot;sizes&quot;:[]}}\" data-widget_type=\"media-carousel.default\">\n\t\t\t\t<div class=\"elementor-widget-container\">\n\t\t\t\t\t\t\t\t\t<div class=\"elementor-swiper\">\n\t\t\t\t\t<div class=\"elementor-main-swiper swiper\" role=\"region\" aria-roledescription=\"carousel\" aria-label=\"Slides\">\n\t\t\t\t<div class=\"swiper-wrapper\">\n\t\t\t\t\t\t\t\t\t\t\t<div class=\"swiper-slide\" role=\"group\" aria-roledescription=\"slide\">\n\t\t\t\t\t\t\t\t\t<div class=\"elementor-carousel-image\" role=\"img\" aria-label=\"Dia de la PAZ - 01\" style=\"background-image: url(&#039;https:\/\/escuelallanosubercaseaux.cl\/wp-content\/uploads\/2025\/08\/Dia-de-la-PAZ-01.jpeg&#039;)\">\n\n\t\t\t\n\t\t\t\t\t<\/div>\n\t\t\t\t\t\t\t\t<\/div>\n\t\t\t\t\t\t\t\t\t\t\t<div class=\"swiper-slide\" role=\"group\" aria-roledescription=\"slide\">\n\t\t\t\t\t\t\t\t\t<div class=\"elementor-carousel-image\" role=\"img\" aria-label=\"Dia de la PAZ - 02\" style=\"background-image: url(&#039;https:\/\/escuelallanosubercaseaux.cl\/wp-content\/uploads\/2025\/08\/Dia-de-la-PAZ-02.jpeg&#039;)\">\n\n\t\t\t\n\t\t\t\t\t<\/div>\n\t\t\t\t\t\t\t\t<\/div>\n\t\t\t\t\t\t\t\t\t\t\t<div class=\"swiper-slide\" role=\"group\" aria-roledescription=\"slide\">\n\t\t\t\t\t\t\t\t\t<div class=\"elementor-carousel-image\" role=\"img\" aria-label=\"Dia de la PAZ - 03\" style=\"background-image: url(&#039;https:\/\/escuelallanosubercaseaux.cl\/wp-content\/uploads\/2025\/08\/Dia-de-la-PAZ-03.jpeg&#039;)\">\n\n\t\t\t\n\t\t\t\t\t<\/div>\n\t\t\t\t\t\t\t\t<\/div>\n\t\t\t\t\t\t\t\t\t\t\t<div class=\"swiper-slide\" role=\"group\" aria-roledescription=\"slide\">\n\t\t\t\t\t\t\t\t\t<div class=\"elementor-carousel-image\" role=\"img\" aria-label=\"Dia de la PAZ - 04\" style=\"background-image: url(&#039;https:\/\/escuelallanosubercaseaux.cl\/wp-content\/uploads\/2025\/08\/Dia-de-la-PAZ-04.jpeg&#039;)\">\n\n\t\t\t\n\t\t\t\t\t<\/div>\n\t\t\t\t\t\t\t\t<\/div>\n\t\t\t\t\t\t\t\t\t\t\t<div class=\"swiper-slide\" role=\"group\" aria-roledescription=\"slide\">\n\t\t\t\t\t\t\t\t\t<div class=\"elementor-carousel-image\" role=\"img\" aria-label=\"Dia de la PAZ - 05\" style=\"background-image: url(&#039;https:\/\/escuelallanosubercaseaux.cl\/wp-content\/uploads\/2025\/08\/Dia-de-la-PAZ-05.jpeg&#039;)\">\n\n\t\t\t\n\t\t\t\t\t<\/div>\n\t\t\t\t\t\t\t\t<\/div>\n\t\t\t\t\t\t\t\t\t\t\t<div class=\"swiper-slide\" role=\"group\" aria-roledescription=\"slide\">\n\t\t\t\t\t\t\t\t\t<div class=\"elementor-carousel-image\" role=\"img\" aria-label=\"Dia de la PAZ - 06\" style=\"background-image: url(&#039;https:\/\/escuelallanosubercaseaux.cl\/wp-content\/uploads\/2025\/08\/Dia-de-la-PAZ-06.jpeg&#039;)\">\n\n\t\t\t\n\t\t\t\t\t<\/div>\n\t\t\t\t\t\t\t\t<\/div>\n\t\t\t\t\t\t\t\t\t\t\t<div class=\"swiper-slide\" role=\"group\" aria-roledescription=\"slide\">\n\t\t\t\t\t\t\t\t\t<div class=\"elementor-carousel-image\" role=\"img\" aria-label=\"D\u00eda por la Paz - 02\" style=\"background-image: url(&#039;https:\/\/escuelallanosubercaseaux.cl\/wp-content\/uploads\/2025\/08\/Dia-por-la-Paz-02.jpeg&#039;)\">\n\n\t\t\t\n\t\t\t\t\t<\/div>\n\t\t\t\t\t\t\t\t<\/div>\n\t\t\t\t\t\t\t\t\t\t\t<div class=\"swiper-slide\" role=\"group\" aria-roledescription=\"slide\">\n\t\t\t\t\t\t\t\t\t<div class=\"elementor-carousel-image\" role=\"img\" aria-label=\"D\u00eda por la Paz - 01\" style=\"background-image: url(&#039;https:\/\/escuelallanosubercaseaux.cl\/wp-content\/uploads\/2025\/08\/Dia-por-la-Paz-01.jpeg&#039;)\">\n\n\t\t\t\n\t\t\t\t\t<\/div>\n\t\t\t\t\t\t\t\t<\/div>\n\t\t\t\t\t\t\t\t\t<\/div>\n\t\t\t\t\t\t\t\t\t\t\t\t\t\t\t<div class=\"elementor-swiper-button elementor-swiper-button-prev\" role=\"button\" tabindex=\"0\" aria-label=\"Previous\">\n\t\t\t\t\t\t\t<svg aria-hidden=\"true\" class=\"e-font-icon-svg e-eicon-chevron-left\" viewBox=\"0 0 1000 1000\" xmlns=\"http:\/\/www.w3.org\/2000\/svg\"><path d=\"M646 125C629 125 613 133 604 142L308 442C296 454 292 471 292 487 292 504 296 521 308 533L604 854C617 867 629 875 646 875 663 875 679 871 692 858 704 846 713 829 713 812 713 796 708 779 692 767L438 487 692 225C700 217 708 204 708 187 708 171 704 154 692 142 675 129 663 125 646 125Z\"><\/path><\/svg>\t\t\t\t\t\t<\/div>\n\t\t\t\t\t\t<div class=\"elementor-swiper-button elementor-swiper-button-next\" role=\"button\" tabindex=\"0\" aria-label=\"Next\">\n\t\t\t\t\t\t\t<svg aria-hidden=\"true\" class=\"e-font-icon-svg e-eicon-chevron-right\" viewBox=\"0 0 1000 1000\" xmlns=\"http:\/\/www.w3.org\/2000\/svg\"><path d=\"M696 533C708 521 713 504 713 487 713 471 708 454 696 446L400 146C388 133 375 125 354 125 338 125 325 129 313 142 300 154 292 171 292 187 292 204 296 221 308 233L563 492 304 771C292 783 288 800 288 817 288 833 296 850 308 863 321 871 338 875 354 875 371 875 388 867 400 854L696 533Z\"><\/path><\/svg>\t\t\t\t\t\t<\/div>\n\t\t\t\t\t\t\t\t\t\t\t\t\t\t\t\t<div class=\"swiper-pagination\"><\/div>\n\t\t\t\t\t\t\t\t\t\t\t\t<\/div>\n\t\t\t\t<\/div>\n\t\t\t\t\t\t\t\t<\/div>\n\t\t\t\t<\/div>\n\t\t\t\t\t<\/div>\n\t\t\t\t<\/div>\n\t\t<div class=\"elementor-element elementor-element-b080e3c e-con-full e-flex e-con e-parent\" data-id=\"b080e3c\" data-element_type=\"container\">\n\t\t<div class=\"elementor-element elementor-element-b03d9e8 e-con-full e-flex e-con e-child\" data-id=\"b03d9e8\" data-element_type=\"container\">\n\t\t\t\t<div class=\"elementor-element elementor-element-0e8bfa1 elementor-widget elementor-widget-text-editor\" data-id=\"0e8bfa1\" data-element_type=\"widget\" data-widget_type=\"text-editor.default\">\n\t\t\t\t<div class=\"elementor-widget-container\">\n\t\t\t\t\t\t\t\t\t<p><img fetchpriority=\"high\" decoding=\"async\" class=\"alignnone size-medium wp-image-2110\" src=\"https:\/\/escuelallanosubercaseaux.cl\/wp-content\/uploads\/2025\/08\/RALLANO-300x227.jpg\" alt=\"\" width=\"300\" height=\"227\" srcset=\"https:\/\/escuelallanosubercaseaux.cl\/wp-content\/uploads\/2025\/08\/RALLANO-300x227.jpg 300w, https:\/\/escuelallanosubercaseaux.cl\/wp-content\/uploads\/2025\/08\/RALLANO-1024x774.jpg 1024w, https:\/\/escuelallanosubercaseaux.cl\/wp-content\/uploads\/2025\/08\/RALLANO-768x580.jpg 768w, https:\/\/escuelallanosubercaseaux.cl\/wp-content\/uploads\/2025\/08\/RALLANO.jpg 1200w\" sizes=\"(max-width: 300px) 100vw, 300px\" \/><\/p><p>En la Escuela Llano Subercaseaux conmemoramos el <em data-start=\"161\" data-end=\"194\">D\u00eda de la Paz y la No Violencia<\/em>.<br data-start=\"195\" data-end=\"198\" \/>Nuestros estudiantes, junto a la radio escolar <strong data-start=\"245\" data-end=\"256\">RALLANO<\/strong>, compartieron mensajes de paz y reflexiones para toda la comunidad educativa. \ud83c\udf3f\u270c\ufe0f<\/p>\t\t\t\t\t\t\t\t<\/div>\n\t\t\t\t<\/div>\n\t\t\t\t<\/div>\n\t\t<div class=\"elementor-element elementor-element-2125313 e-con-full e-flex e-con e-child\" data-id=\"2125313\" data-element_type=\"container\">\n\t\t\t\t<div class=\"elementor-element elementor-element-21b7081 elementor-widget elementor-widget-video\" data-id=\"21b7081\" data-element_type=\"widget\" data-settings=\"{&quot;youtube_url&quot;:&quot;https:\\\/\\\/youtu.be\\\/2k6FYMkH0gI&quot;,&quot;video_type&quot;:&quot;youtube&quot;,&quot;controls&quot;:&quot;yes&quot;}\" data-widget_type=\"video.default\">\n\t\t\t\t<div class=\"elementor-widget-container\">\n\t\t\t\t\t\t\t<div class=\"elementor-wrapper elementor-open-inline\">\n\t\t\t<div class=\"elementor-video\"><\/div>\t\t<\/div>\n\t\t\t\t\t\t<\/div>\n\t\t\t\t<\/div>\n\t\t\t\t<\/div>\n\t\t\t\t<\/div>\n\t\t\t\t<\/div>\n\t\t","protected":false},"excerpt":{"rendered":"<p>D\u00eda de la Paz y NO Violencia El d\u00eda de ayer, nuestra Escuela Llano Subercaseaux conmemor\u00f3 y celebr\u00f3 el D\u00eda de la Paz y la No Violencia.En esta jornada, estudiantes, docentes y funcionarios participaron en diversas actividades orientadas a promover el respeto, la tolerancia y la importancia de construir una comunidad basada en la sana [&hellip;]<\/p>\n","protected":false},"author":1,"featured_media":2061,"comment_status":"closed","ping_status":"open","sticky":false,"template":"","format":"standard","meta":{"footnotes":""},"categories":[8],"tags":[],"class_list":["post-2054","post","type-post","status-publish","format-standard","has-post-thumbnail","hentry","category-noticias"],"_links":{"self":[{"href":"https:\/\/escuelallanosubercaseaux.cl\/index.php?rest_route=\/wp\/v2\/posts\/2054","targetHints":{"allow":["GET"]}}],"collection":[{"href":"https:\/\/escuelallanosubercaseaux.cl\/index.php?rest_route=\/wp\/v2\/posts"}],"about":[{"href":"https:\/\/escuelallanosubercaseaux.cl\/index.php?rest_route=\/wp\/v2\/types\/post"}],"author":[{"embeddable":true,"href":"https:\/\/escuelallanosubercaseaux.cl\/index.php?rest_route=\/wp\/v2\/users\/1"}],"replies":[{"embeddable":true,"href":"https:\/\/escuelallanosubercaseaux.cl\/index.php?rest_route=%2Fwp%2Fv2%2Fcomments&post=2054"}],"version-history":[{"count":28,"href":"https:\/\/escuelallanosubercaseaux.cl\/index.php?rest_route=\/wp\/v2\/posts\/2054\/revisions"}],"predecessor-version":[{"id":2267,"href":"https:\/\/escuelallanosubercaseaux.cl\/index.php?rest_route=\/wp\/v2\/posts\/2054\/revisions\/2267"}],"wp:featuredmedia":[{"embeddable":true,"href":"https:\/\/escuelallanosubercaseaux.cl\/index.php?rest_route=\/wp\/v2\/media\/2061"}],"wp:attachment":[{"href":"https:\/\/escuelallanosubercaseaux.cl\/index.php?rest_route=%2Fwp%2Fv2%2Fmedia&parent=2054"}],"wp:term":[{"taxonomy":"category","embeddable":true,"href":"https:\/\/escuelallanosubercaseaux.cl\/index.php?rest_route=%2Fwp%2Fv2%2Fcategories&post=2054"},{"taxonomy":"post_tag","embeddable":true,"href":"https:\/\/escuelallanosubercaseaux.cl\/index.php?rest_route=%2Fwp%2Fv2%2Ftags&post=2054"}],"curies":[{"name":"wp","href":"https:\/\/api.w.org\/{rel}","templated":true}]}}