{"id":2480,"date":"2025-08-25T15:44:55","date_gmt":"2025-08-25T15:44:55","guid":{"rendered":"https:\/\/escuelallanosubercaseaux.cl\/?p=2480"},"modified":"2025-08-25T17:41:31","modified_gmt":"2025-08-25T17:41:31","slug":"inicio-ano-academico-2024-3-2-2-2-2-2-2-2-2-2-2-2-2-2-2-2","status":"publish","type":"post","link":"https:\/\/escuelallanosubercaseaux.cl\/?p=2480","title":{"rendered":"\u00a1Comenzamos la Semana Previa al Aniversario!"},"content":{"rendered":"\t\t<div data-elementor-type=\"wp-post\" data-elementor-id=\"2480\" class=\"elementor elementor-2480\" data-elementor-post-type=\"post\">\n\t\t\t\t<div class=\"elementor-element elementor-element-6ba8b31 e-flex e-con-boxed e-con e-parent\" data-id=\"6ba8b31\" data-element_type=\"container\">\n\t\t\t\t\t<div class=\"e-con-inner\">\n\t\t\t\t<div class=\"elementor-element elementor-element-a333ba8 elementor-widget elementor-widget-heading\" data-id=\"a333ba8\" data-element_type=\"widget\" data-widget_type=\"heading.default\">\n\t\t\t\t<div class=\"elementor-widget-container\">\n\t\t\t\t\t<h2 class=\"elementor-heading-title elementor-size-default\">\u00a1Comenzamos la Semana con Pijamas y Mucha Alegr\u00eda! \ud83c\udf89<\/h2>\t\t\t\t<\/div>\n\t\t\t\t<\/div>\n\t\t\t\t\t<\/div>\n\t\t\t\t<\/div>\n\t\t<div class=\"elementor-element elementor-element-0b3c96d e-flex e-con-boxed e-con e-parent\" data-id=\"0b3c96d\" data-element_type=\"container\">\n\t\t\t\t\t<div class=\"e-con-inner\">\n\t\t\t\t<div class=\"elementor-element elementor-element-7be5aa8 elementor-widget elementor-widget-spacer\" data-id=\"7be5aa8\" data-element_type=\"widget\" data-widget_type=\"spacer.default\">\n\t\t\t\t<div class=\"elementor-widget-container\">\n\t\t\t\t\t\t\t<div class=\"elementor-spacer\">\n\t\t\t<div class=\"elementor-spacer-inner\"><\/div>\n\t\t<\/div>\n\t\t\t\t\t\t<\/div>\n\t\t\t\t<\/div>\n\t\t\t\t\t<\/div>\n\t\t\t\t<\/div>\n\t\t<div class=\"elementor-element elementor-element-4617ec1 e-flex e-con-boxed e-con e-parent\" data-id=\"4617ec1\" data-element_type=\"container\">\n\t\t\t\t\t<div class=\"e-con-inner\">\n\t\t\t\t<div class=\"elementor-element elementor-element-e4a54ac elementor-widget elementor-widget-text-editor\" data-id=\"e4a54ac\" data-element_type=\"widget\" data-widget_type=\"text-editor.default\">\n\t\t\t\t<div class=\"elementor-widget-container\">\n\t\t\t\t\t\t\t\t\t<div><p data-start=\"255\" data-end=\"476\">Este lunes 25 de agosto dimos inicio a las actividades <strong data-start=\"316\" data-end=\"354\">Previas al Aniversario N\u00b0113<\/strong> de nuestra querida Escuela Llano Subercaseaux, con una jornada muy especial: <strong data-start=\"431\" data-end=\"473\">el d\u00eda del pijamas tem\u00e1tico<\/strong>.<\/p><p data-start=\"478\" data-end=\"943\">La convocatoria fue un verdadero \u00e9xito, con una gran cantidad de estudiantes que llegaron con pijamas de <strong data-start=\"583\" data-end=\"671\">superh\u00e9roes, personajes de Disney, Pok\u00e9mon, dibujos animados y dise\u00f1os muy coloridos<\/strong>, llenando los pasillos de diversi\u00f3n, risas y creatividad. Este ambiente l\u00fadico no solo permiti\u00f3 disfrutar de un momento distinto, sino que tambi\u00e9n fortaleci\u00f3 la <strong data-start=\"833\" data-end=\"856\">convivencia escolar<\/strong>, ya que nuestros ni\u00f1os y ni\u00f1as compartieron con entusiasmo y respeto esta actividad.<\/p><p data-start=\"945\" data-end=\"1270\">Lo m\u00e1s destacable fue que <strong data-start=\"971\" data-end=\"1014\">docentes y funcionarios\/as administrativos<\/strong> tambi\u00e9n se sumaron a la celebraci\u00f3n vistiendo sus pijamas, lo que demostr\u00f3 un esp\u00edritu de unidad y compromiso con esta fiesta previa al aniversario. La participaci\u00f3n de todos y todas hizo de esta jornada una verdadera muestra de comunidad y pertenencia.<\/p><p data-start=\"1272\" data-end=\"1508\">Con este alegre comienzo damos inicio a una semana llena de actividades pensadas para celebrar en conjunto los <strong data-start=\"1383\" data-end=\"1428\">113 a\u00f1os de historia, educaci\u00f3n y valores<\/strong> que nuestra escuela ha compartido con generaciones de estudiantes y familias.<\/p><p data-start=\"1510\" data-end=\"1629\">\u00a1Que sigan las sorpresas y que este aniversario sea recordado por todos y todas como una gran fiesta de comunidad! \ud83d\udcab<\/p><\/div><div dir=\"auto\"><div><div dir=\"auto\">\u00a0<\/div><div dir=\"auto\" style=\"text-align: right;\">Comunicaciones Escuela Llano Subercaseaux 2025<\/div><\/div><div>\u00a0<\/div><\/div><div><div dir=\"auto\">\u00a0<\/div><\/div>\t\t\t\t\t\t\t\t<\/div>\n\t\t\t\t<\/div>\n\t\t\t\t\t<\/div>\n\t\t\t\t<\/div>\n\t\t<div class=\"elementor-element elementor-element-e250b07 e-flex e-con-boxed e-con e-parent\" data-id=\"e250b07\" data-element_type=\"container\">\n\t\t\t\t\t<div class=\"e-con-inner\">\n\t\t\t\t<div class=\"elementor-element elementor-element-80bca91 elementor-skin-carousel elementor-arrows-yes elementor-pagination-type-bullets elementor-pagination-position-outside elementor-widget elementor-widget-media-carousel\" data-id=\"80bca91\" data-element_type=\"widget\" data-settings=\"{&quot;space_between&quot;:{&quot;unit&quot;:&quot;px&quot;,&quot;size&quot;:25,&quot;sizes&quot;:[]},&quot;skin&quot;:&quot;carousel&quot;,&quot;effect&quot;:&quot;slide&quot;,&quot;show_arrows&quot;:&quot;yes&quot;,&quot;pagination&quot;:&quot;bullets&quot;,&quot;speed&quot;:500,&quot;autoplay&quot;:&quot;yes&quot;,&quot;autoplay_speed&quot;:5000,&quot;loop&quot;:&quot;yes&quot;,&quot;pause_on_hover&quot;:&quot;yes&quot;,&quot;pause_on_interaction&quot;:&quot;yes&quot;,&quot;space_between_tablet&quot;:{&quot;unit&quot;:&quot;px&quot;,&quot;size&quot;:10,&quot;sizes&quot;:[]},&quot;space_between_mobile&quot;:{&quot;unit&quot;:&quot;px&quot;,&quot;size&quot;:10,&quot;sizes&quot;:[]}}\" data-widget_type=\"media-carousel.default\">\n\t\t\t\t<div class=\"elementor-widget-container\">\n\t\t\t\t\t\t\t\t\t<div class=\"elementor-swiper\">\n\t\t\t\t\t<div class=\"elementor-main-swiper swiper\" role=\"region\" aria-roledescription=\"carousel\" aria-label=\"Slides\">\n\t\t\t\t<div class=\"swiper-wrapper\">\n\t\t\t\t\t\t\t\t\t\t\t<div class=\"swiper-slide\" role=\"group\" aria-roledescription=\"slide\">\n\t\t\t\t\t\t\t\t\t<div class=\"elementor-carousel-image\" role=\"img\" aria-label=\"ANIVER - 01\" style=\"background-image: url(&#039;https:\/\/escuelallanosubercaseaux.cl\/wp-content\/uploads\/2025\/08\/ANIVER-01.jpeg&#039;)\">\n\n\t\t\t\n\t\t\t\t\t<\/div>\n\t\t\t\t\t\t\t\t<\/div>\n\t\t\t\t\t\t\t\t\t\t\t<div class=\"swiper-slide\" role=\"group\" aria-roledescription=\"slide\">\n\t\t\t\t\t\t\t\t\t<div class=\"elementor-carousel-image\" role=\"img\" aria-label=\"ANIVER - 02\" style=\"background-image: url(&#039;https:\/\/escuelallanosubercaseaux.cl\/wp-content\/uploads\/2025\/08\/ANIVER-02.jpeg&#039;)\">\n\n\t\t\t\n\t\t\t\t\t<\/div>\n\t\t\t\t\t\t\t\t<\/div>\n\t\t\t\t\t\t\t\t\t\t\t<div class=\"swiper-slide\" role=\"group\" aria-roledescription=\"slide\">\n\t\t\t\t\t\t\t\t\t<div class=\"elementor-carousel-image\" role=\"img\" aria-label=\"ANIVER - 03\" style=\"background-image: url(&#039;https:\/\/escuelallanosubercaseaux.cl\/wp-content\/uploads\/2025\/08\/ANIVER-03.jpeg&#039;)\">\n\n\t\t\t\n\t\t\t\t\t<\/div>\n\t\t\t\t\t\t\t\t<\/div>\n\t\t\t\t\t\t\t\t\t\t\t<div class=\"swiper-slide\" role=\"group\" aria-roledescription=\"slide\">\n\t\t\t\t\t\t\t\t\t<div class=\"elementor-carousel-image\" role=\"img\" aria-label=\"ANIVER - 04\" style=\"background-image: url(&#039;https:\/\/escuelallanosubercaseaux.cl\/wp-content\/uploads\/2025\/08\/ANIVER-04.jpeg&#039;)\">\n\n\t\t\t\n\t\t\t\t\t<\/div>\n\t\t\t\t\t\t\t\t<\/div>\n\t\t\t\t\t\t\t\t\t\t\t<div class=\"swiper-slide\" role=\"group\" aria-roledescription=\"slide\">\n\t\t\t\t\t\t\t\t\t<div class=\"elementor-carousel-image\" role=\"img\" aria-label=\"ANIVER - 05\" style=\"background-image: url(&#039;https:\/\/escuelallanosubercaseaux.cl\/wp-content\/uploads\/2025\/08\/ANIVER-05.jpeg&#039;)\">\n\n\t\t\t\n\t\t\t\t\t<\/div>\n\t\t\t\t\t\t\t\t<\/div>\n\t\t\t\t\t\t\t\t\t\t\t<div class=\"swiper-slide\" role=\"group\" aria-roledescription=\"slide\">\n\t\t\t\t\t\t\t\t\t<div class=\"elementor-carousel-image\" role=\"img\" aria-label=\"ANIVER - 06\" style=\"background-image: url(&#039;https:\/\/escuelallanosubercaseaux.cl\/wp-content\/uploads\/2025\/08\/ANIVER-06.jpeg&#039;)\">\n\n\t\t\t\n\t\t\t\t\t<\/div>\n\t\t\t\t\t\t\t\t<\/div>\n\t\t\t\t\t\t\t\t\t\t\t<div class=\"swiper-slide\" role=\"group\" aria-roledescription=\"slide\">\n\t\t\t\t\t\t\t\t\t<div class=\"elementor-carousel-image\" role=\"img\" aria-label=\"ANIVER - 07\" style=\"background-image: url(&#039;https:\/\/escuelallanosubercaseaux.cl\/wp-content\/uploads\/2025\/08\/ANIVER-07.jpeg&#039;)\">\n\n\t\t\t\n\t\t\t\t\t<\/div>\n\t\t\t\t\t\t\t\t<\/div>\n\t\t\t\t\t\t\t\t\t\t\t<div class=\"swiper-slide\" role=\"group\" aria-roledescription=\"slide\">\n\t\t\t\t\t\t\t\t\t<div class=\"elementor-carousel-image\" role=\"img\" aria-label=\"ANIVER - 08\" style=\"background-image: url(&#039;https:\/\/escuelallanosubercaseaux.cl\/wp-content\/uploads\/2025\/08\/ANIVER-08.jpeg&#039;)\">\n\n\t\t\t\n\t\t\t\t\t<\/div>\n\t\t\t\t\t\t\t\t<\/div>\n\t\t\t\t\t\t\t\t\t\t\t<div class=\"swiper-slide\" role=\"group\" aria-roledescription=\"slide\">\n\t\t\t\t\t\t\t\t\t<div class=\"elementor-carousel-image\" role=\"img\" aria-label=\"ANIVER - 09\" style=\"background-image: url(&#039;https:\/\/escuelallanosubercaseaux.cl\/wp-content\/uploads\/2025\/08\/ANIVER-09.jpeg&#039;)\">\n\n\t\t\t\n\t\t\t\t\t<\/div>\n\t\t\t\t\t\t\t\t<\/div>\n\t\t\t\t\t\t\t\t\t<\/div>\n\t\t\t\t\t\t\t\t\t\t\t\t\t\t\t<div class=\"elementor-swiper-button elementor-swiper-button-prev\" role=\"button\" tabindex=\"0\" aria-label=\"Previous\">\n\t\t\t\t\t\t\t<svg aria-hidden=\"true\" class=\"e-font-icon-svg e-eicon-chevron-left\" viewBox=\"0 0 1000 1000\" xmlns=\"http:\/\/www.w3.org\/2000\/svg\"><path d=\"M646 125C629 125 613 133 604 142L308 442C296 454 292 471 292 487 292 504 296 521 308 533L604 854C617 867 629 875 646 875 663 875 679 871 692 858 704 846 713 829 713 812 713 796 708 779 692 767L438 487 692 225C700 217 708 204 708 187 708 171 704 154 692 142 675 129 663 125 646 125Z\"><\/path><\/svg>\t\t\t\t\t\t<\/div>\n\t\t\t\t\t\t<div class=\"elementor-swiper-button elementor-swiper-button-next\" role=\"button\" tabindex=\"0\" aria-label=\"Next\">\n\t\t\t\t\t\t\t<svg aria-hidden=\"true\" class=\"e-font-icon-svg e-eicon-chevron-right\" viewBox=\"0 0 1000 1000\" xmlns=\"http:\/\/www.w3.org\/2000\/svg\"><path d=\"M696 533C708 521 713 504 713 487 713 471 708 454 696 446L400 146C388 133 375 125 354 125 338 125 325 129 313 142 300 154 292 171 292 187 292 204 296 221 308 233L563 492 304 771C292 783 288 800 288 817 288 833 296 850 308 863 321 871 338 875 354 875 371 875 388 867 400 854L696 533Z\"><\/path><\/svg>\t\t\t\t\t\t<\/div>\n\t\t\t\t\t\t\t\t\t\t\t\t\t\t\t\t<div class=\"swiper-pagination\"><\/div>\n\t\t\t\t\t\t\t\t\t\t\t\t<\/div>\n\t\t\t\t<\/div>\n\t\t\t\t\t\t\t\t<\/div>\n\t\t\t\t<\/div>\n\t\t\t\t\t<\/div>\n\t\t\t\t<\/div>\n\t\t\t\t<\/div>\n\t\t","protected":false},"excerpt":{"rendered":"<p>\u00a1Comenzamos la Semana con Pijamas y Mucha Alegr\u00eda! \ud83c\udf89 Este lunes 25 de agosto dimos inicio a las actividades Previas al Aniversario N\u00b0113 de nuestra querida Escuela Llano Subercaseaux, con una jornada muy especial: el d\u00eda del pijamas tem\u00e1tico. La convocatoria fue un verdadero \u00e9xito, con una gran cantidad de estudiantes que llegaron con pijamas [&hellip;]<\/p>\n","protected":false},"author":1,"featured_media":2539,"comment_status":"closed","ping_status":"open","sticky":false,"template":"","format":"standard","meta":{"footnotes":""},"categories":[8],"tags":[],"class_list":["post-2480","post","type-post","status-publish","format-standard","has-post-thumbnail","hentry","category-noticias"],"_links":{"self":[{"href":"https:\/\/escuelallanosubercaseaux.cl\/index.php?rest_route=\/wp\/v2\/posts\/2480","targetHints":{"allow":["GET"]}}],"collection":[{"href":"https:\/\/escuelallanosubercaseaux.cl\/index.php?rest_route=\/wp\/v2\/posts"}],"about":[{"href":"https:\/\/escuelallanosubercaseaux.cl\/index.php?rest_route=\/wp\/v2\/types\/post"}],"author":[{"embeddable":true,"href":"https:\/\/escuelallanosubercaseaux.cl\/index.php?rest_route=\/wp\/v2\/users\/1"}],"replies":[{"embeddable":true,"href":"https:\/\/escuelallanosubercaseaux.cl\/index.php?rest_route=%2Fwp%2Fv2%2Fcomments&post=2480"}],"version-history":[{"count":10,"href":"https:\/\/escuelallanosubercaseaux.cl\/index.php?rest_route=\/wp\/v2\/posts\/2480\/revisions"}],"predecessor-version":[{"id":2510,"href":"https:\/\/escuelallanosubercaseaux.cl\/index.php?rest_route=\/wp\/v2\/posts\/2480\/revisions\/2510"}],"wp:featuredmedia":[{"embeddable":true,"href":"https:\/\/escuelallanosubercaseaux.cl\/index.php?rest_route=\/wp\/v2\/media\/2539"}],"wp:attachment":[{"href":"https:\/\/escuelallanosubercaseaux.cl\/index.php?rest_route=%2Fwp%2Fv2%2Fmedia&parent=2480"}],"wp:term":[{"taxonomy":"category","embeddable":true,"href":"https:\/\/escuelallanosubercaseaux.cl\/index.php?rest_route=%2Fwp%2Fv2%2Fcategories&post=2480"},{"taxonomy":"post_tag","embeddable":true,"href":"https:\/\/escuelallanosubercaseaux.cl\/index.php?rest_route=%2Fwp%2Fv2%2Ftags&post=2480"}],"curies":[{"name":"wp","href":"https:\/\/api.w.org\/{rel}","templated":true}]}}