{"id":2630,"date":"2025-08-27T15:25:15","date_gmt":"2025-08-27T15:25:15","guid":{"rendered":"https:\/\/escuelallanosubercaseaux.cl\/?p=2630"},"modified":"2025-08-27T15:45:57","modified_gmt":"2025-08-27T15:45:57","slug":"inicio-ano-academico-2024-3-2-2-2-2-2-2-2-2-2-2-2-2-2-2-2-2-2","status":"publish","type":"post","link":"https:\/\/escuelallanosubercaseaux.cl\/?p=2630","title":{"rendered":"\u00a1Un mural que cuida el medio ambiente! \ud83c\udf0d"},"content":{"rendered":"\t\t<div data-elementor-type=\"wp-post\" data-elementor-id=\"2630\" class=\"elementor elementor-2630\" data-elementor-post-type=\"post\">\n\t\t\t\t<div class=\"elementor-element elementor-element-6ba8b31 e-flex e-con-boxed e-con e-parent\" data-id=\"6ba8b31\" data-element_type=\"container\">\n\t\t\t\t\t<div class=\"e-con-inner\">\n\t\t\t\t<div class=\"elementor-element elementor-element-a333ba8 elementor-widget elementor-widget-heading\" data-id=\"a333ba8\" data-element_type=\"widget\" data-widget_type=\"heading.default\">\n\t\t\t\t<div class=\"elementor-widget-container\">\n\t\t\t\t\t<h2 class=\"elementor-heading-title elementor-size-default\">\u00a1Un mural que une solidaridad y cuidado del medio ambiente! \ud83c\udf0d<\/h2>\t\t\t\t<\/div>\n\t\t\t\t<\/div>\n\t\t\t\t\t<\/div>\n\t\t\t\t<\/div>\n\t\t<div class=\"elementor-element elementor-element-0b3c96d e-flex e-con-boxed e-con e-parent\" data-id=\"0b3c96d\" data-element_type=\"container\">\n\t\t\t\t\t<div class=\"e-con-inner\">\n\t\t\t\t<div class=\"elementor-element elementor-element-7be5aa8 elementor-widget elementor-widget-spacer\" data-id=\"7be5aa8\" data-element_type=\"widget\" data-widget_type=\"spacer.default\">\n\t\t\t\t<div class=\"elementor-widget-container\">\n\t\t\t\t\t\t\t<div class=\"elementor-spacer\">\n\t\t\t<div class=\"elementor-spacer-inner\"><\/div>\n\t\t<\/div>\n\t\t\t\t\t\t<\/div>\n\t\t\t\t<\/div>\n\t\t\t\t\t<\/div>\n\t\t\t\t<\/div>\n\t\t<div class=\"elementor-element elementor-element-4617ec1 e-flex e-con-boxed e-con e-parent\" data-id=\"4617ec1\" data-element_type=\"container\">\n\t\t\t\t\t<div class=\"e-con-inner\">\n\t\t\t\t<div class=\"elementor-element elementor-element-e4a54ac elementor-widget elementor-widget-text-editor\" data-id=\"e4a54ac\" data-element_type=\"widget\" data-widget_type=\"text-editor.default\">\n\t\t\t\t<div class=\"elementor-widget-container\">\n\t\t\t\t\t\t\t\t\t<div><p data-start=\"140\" data-end=\"368\">El &#8220;<strong data-start=\"262\" data-end=\"278\">Programa 4 a 7&#8243; a trav\u00e9s de <\/strong>Nuestra escuela Llano Subercaseaux, est\u00e1 impulsando la creaci\u00f3n de un <strong data-start=\"314\" data-end=\"333\">Mural Ecol\u00f3gico<\/strong> con tapas pl\u00e1sticas de botellas.<\/p><p data-start=\"370\" data-end=\"639\">Con esta campa\u00f1a, no solo contribuimos al reciclaje y al cuidado de nuestro entorno, sino que tambi\u00e9n apoyamos la hermosa iniciativa <strong data-start=\"506\" data-end=\"529\">\u201cJunta tus Tapitas\u201d<\/strong>, donde parte de lo recolectado ser\u00e1 entregado a las <em data-start=\"582\" data-end=\"597\">Damas de Caf\u00e9<\/em> para ayudar a ni\u00f1os y ni\u00f1as con c\u00e1ncer.<\/p><p data-start=\"641\" data-end=\"794\">\u00a1Tu aporte es fundamental!&#8230; Invitamos a toda la comunidad escolar a <strong data-start=\"713\" data-end=\"770\">depositar sus tapitas en los contenedores habilitados<\/strong> dentro de la escuela y <strong data-start=\"799\" data-end=\"839\">Juntos podremos marcar la diferencia.<\/strong><\/p><\/div><div dir=\"auto\"><div><div dir=\"auto\">\u00a0<\/div><div dir=\"auto\" style=\"text-align: right;\">Comunicaciones Escuela Llano Subercaseaux 2025<\/div><\/div><div>\u00a0<\/div><\/div><div><div dir=\"auto\">\u00a0<\/div><\/div>\t\t\t\t\t\t\t\t<\/div>\n\t\t\t\t<\/div>\n\t\t\t\t\t<\/div>\n\t\t\t\t<\/div>\n\t\t<div class=\"elementor-element elementor-element-5ff8078 e-flex e-con-boxed e-con e-parent\" data-id=\"5ff8078\" data-element_type=\"container\">\n\t\t\t\t\t<div class=\"e-con-inner\">\n\t\t<div class=\"elementor-element elementor-element-bf3eafc e-con-full e-flex e-con e-child\" data-id=\"bf3eafc\" data-element_type=\"container\">\n\t\t\t\t<\/div>\n\t\t<div class=\"elementor-element elementor-element-3fcdffb e-con-full e-flex e-con e-child\" data-id=\"3fcdffb\" data-element_type=\"container\">\n\t\t\t\t<div class=\"elementor-element elementor-element-1fdccce elementor-widget elementor-widget-image\" data-id=\"1fdccce\" data-element_type=\"widget\" data-widget_type=\"image.default\">\n\t\t\t\t<div class=\"elementor-widget-container\">\n\t\t\t\t\t\t\t\t\t\t\t\t\t\t\t<img fetchpriority=\"high\" decoding=\"async\" width=\"724\" height=\"1024\" src=\"https:\/\/escuelallanosubercaseaux.cl\/wp-content\/uploads\/2025\/08\/\u00a1AYUDANOS-A-cuidar-y-ayudar-724x1024.jpg\" class=\"attachment-large size-large wp-image-2644\" alt=\"\" srcset=\"https:\/\/escuelallanosubercaseaux.cl\/wp-content\/uploads\/2025\/08\/\u00a1AYUDANOS-A-cuidar-y-ayudar-724x1024.jpg 724w, https:\/\/escuelallanosubercaseaux.cl\/wp-content\/uploads\/2025\/08\/\u00a1AYUDANOS-A-cuidar-y-ayudar-212x300.jpg 212w, https:\/\/escuelallanosubercaseaux.cl\/wp-content\/uploads\/2025\/08\/\u00a1AYUDANOS-A-cuidar-y-ayudar-768x1087.jpg 768w, https:\/\/escuelallanosubercaseaux.cl\/wp-content\/uploads\/2025\/08\/\u00a1AYUDANOS-A-cuidar-y-ayudar.jpg 795w\" sizes=\"(max-width: 724px) 100vw, 724px\" \/>\t\t\t\t\t\t\t\t\t\t\t\t\t\t\t<\/div>\n\t\t\t\t<\/div>\n\t\t\t\t<\/div>\n\t\t<div class=\"elementor-element elementor-element-bfd5fa7 e-con-full e-flex e-con e-child\" data-id=\"bfd5fa7\" data-element_type=\"container\">\n\t\t\t\t<\/div>\n\t\t\t\t\t<\/div>\n\t\t\t\t<\/div>\n\t\t\t\t<\/div>\n\t\t","protected":false},"excerpt":{"rendered":"<p>\u00a1Un mural que une solidaridad y cuidado del medio ambiente! \ud83c\udf0d El &#8220;Programa 4 a 7&#8243; a trav\u00e9s de Nuestra escuela Llano Subercaseaux, est\u00e1 impulsando la creaci\u00f3n de un Mural Ecol\u00f3gico con tapas pl\u00e1sticas de botellas. Con esta campa\u00f1a, no solo contribuimos al reciclaje y al cuidado de nuestro entorno, sino que tambi\u00e9n apoyamos la [&hellip;]<\/p>\n","protected":false},"author":1,"featured_media":2631,"comment_status":"closed","ping_status":"open","sticky":false,"template":"","format":"standard","meta":{"footnotes":""},"categories":[8],"tags":[],"class_list":["post-2630","post","type-post","status-publish","format-standard","has-post-thumbnail","hentry","category-noticias"],"_links":{"self":[{"href":"https:\/\/escuelallanosubercaseaux.cl\/index.php?rest_route=\/wp\/v2\/posts\/2630","targetHints":{"allow":["GET"]}}],"collection":[{"href":"https:\/\/escuelallanosubercaseaux.cl\/index.php?rest_route=\/wp\/v2\/posts"}],"about":[{"href":"https:\/\/escuelallanosubercaseaux.cl\/index.php?rest_route=\/wp\/v2\/types\/post"}],"author":[{"embeddable":true,"href":"https:\/\/escuelallanosubercaseaux.cl\/index.php?rest_route=\/wp\/v2\/users\/1"}],"replies":[{"embeddable":true,"href":"https:\/\/escuelallanosubercaseaux.cl\/index.php?rest_route=%2Fwp%2Fv2%2Fcomments&post=2630"}],"version-history":[{"count":22,"href":"https:\/\/escuelallanosubercaseaux.cl\/index.php?rest_route=\/wp\/v2\/posts\/2630\/revisions"}],"predecessor-version":[{"id":2657,"href":"https:\/\/escuelallanosubercaseaux.cl\/index.php?rest_route=\/wp\/v2\/posts\/2630\/revisions\/2657"}],"wp:featuredmedia":[{"embeddable":true,"href":"https:\/\/escuelallanosubercaseaux.cl\/index.php?rest_route=\/wp\/v2\/media\/2631"}],"wp:attachment":[{"href":"https:\/\/escuelallanosubercaseaux.cl\/index.php?rest_route=%2Fwp%2Fv2%2Fmedia&parent=2630"}],"wp:term":[{"taxonomy":"category","embeddable":true,"href":"https:\/\/escuelallanosubercaseaux.cl\/index.php?rest_route=%2Fwp%2Fv2%2Fcategories&post=2630"},{"taxonomy":"post_tag","embeddable":true,"href":"https:\/\/escuelallanosubercaseaux.cl\/index.php?rest_route=%2Fwp%2Fv2%2Ftags&post=2630"}],"curies":[{"name":"wp","href":"https:\/\/api.w.org\/{rel}","templated":true}]}}