{"id":2841,"date":"2025-09-05T16:03:36","date_gmt":"2025-09-05T16:03:36","guid":{"rendered":"https:\/\/escuelallanosubercaseaux.cl\/?p=2841"},"modified":"2025-09-05T18:36:04","modified_gmt":"2025-09-05T18:36:04","slug":"inicio-ano-academico-2024-3-2-2-2-2-2-2-2-2-2-2-2-2-2-2-2-2-2-2-2-2-2-2","status":"publish","type":"post","link":"https:\/\/escuelallanosubercaseaux.cl\/?p=2841","title":{"rendered":"Jornada de capacitaci\u00f3n en manejo de silla de ruedas"},"content":{"rendered":"\t\t<div data-elementor-type=\"wp-post\" data-elementor-id=\"2841\" class=\"elementor elementor-2841\" data-elementor-post-type=\"post\">\n\t\t\t\t<div class=\"elementor-element elementor-element-6ba8b31 e-flex e-con-boxed e-con e-parent\" data-id=\"6ba8b31\" data-element_type=\"container\">\n\t\t\t\t\t<div class=\"e-con-inner\">\n\t\t\t\t<div class=\"elementor-element elementor-element-a333ba8 elementor-widget elementor-widget-heading\" data-id=\"a333ba8\" data-element_type=\"widget\" data-widget_type=\"heading.default\">\n\t\t\t\t<div class=\"elementor-widget-container\">\n\t\t\t\t\t<h2 class=\"elementor-heading-title elementor-size-default\">Fortaleciendo La Inclusi\u00f3n En Nuestra Escuela<\/h2>\t\t\t\t<\/div>\n\t\t\t\t<\/div>\n\t\t\t\t\t<\/div>\n\t\t\t\t<\/div>\n\t\t<div class=\"elementor-element elementor-element-0b3c96d e-flex e-con-boxed e-con e-parent\" data-id=\"0b3c96d\" data-element_type=\"container\">\n\t\t\t\t\t<div class=\"e-con-inner\">\n\t\t\t\t<div class=\"elementor-element elementor-element-7be5aa8 elementor-widget elementor-widget-spacer\" data-id=\"7be5aa8\" data-element_type=\"widget\" data-widget_type=\"spacer.default\">\n\t\t\t\t<div class=\"elementor-widget-container\">\n\t\t\t\t\t\t\t<div class=\"elementor-spacer\">\n\t\t\t<div class=\"elementor-spacer-inner\"><\/div>\n\t\t<\/div>\n\t\t\t\t\t\t<\/div>\n\t\t\t\t<\/div>\n\t\t\t\t\t<\/div>\n\t\t\t\t<\/div>\n\t\t<div class=\"elementor-element elementor-element-4617ec1 e-flex e-con-boxed e-con e-parent\" data-id=\"4617ec1\" data-element_type=\"container\">\n\t\t\t\t\t<div class=\"e-con-inner\">\n\t\t\t\t<div class=\"elementor-element elementor-element-e4a54ac elementor-widget elementor-widget-text-editor\" data-id=\"e4a54ac\" data-element_type=\"widget\" data-widget_type=\"text-editor.default\">\n\t\t\t\t<div class=\"elementor-widget-container\">\n\t\t\t\t\t\t\t\t\t<div><p data-start=\"187\" data-end=\"404\">Este viernes 05 de septiembre, nuestra escuela llev\u00f3 a cabo una <strong data-start=\"261\" data-end=\"356\">enriquecedora jornada de capacitaci\u00f3n en manejo de silla de ruedas en el contexto educativo<\/strong>, dictada por el terapeuta ocupacional <strong data-start=\"395\" data-end=\"414\">Francisco Olmos<\/strong>. Esta actividad se enmarca en nuestro compromiso con la <strong data-start=\"471\" data-end=\"555\">inclusi\u00f3n, la accesibilidad y el bienestar de todos y todas nuestras estudiantes<\/strong>, buscando generar un entorno seguro y respetuoso para quienes requieren este tipo de apoyo.<\/p><p data-start=\"651\" data-end=\"1148\">Durante la jornada, docentes y asistentes pudieron <strong data-start=\"702\" data-end=\"776\">practicar t\u00e9cnicas correctas y seguras para el uso de sillas de ruedas<\/strong>, adem\u00e1s de recibir orientaciones sobre c\u00f3mo adaptar y mejorar la infraestructura escolar para favorecer la movilidad y autonom\u00eda de todos y todas. Se abordaron aspectos pr\u00e1cticos, como el traslado seguro, la postura adecuada y la prevenci\u00f3n de accidentes, junto con sugerencias para promover la participaci\u00f3n activa de cada estudiante en diversas actividades escolares.<\/p><p data-start=\"1150\" data-end=\"1418\">Esta instancia tambi\u00e9n permiti\u00f3 <strong data-start=\"1182\" data-end=\"1243\">reforzar la sensibilizaci\u00f3n de nuestro personal educativo<\/strong> respecto a la diversidad de necesidades de nuestros y nuestras estudiantes, fomentando una cultura de respeto, empat\u00eda y colaboraci\u00f3n dentro de nuestra comunidad educativa.<\/p><p data-start=\"1420\" data-end=\"1685\">Agradecemos especialmente a la <strong data-start=\"1451\" data-end=\"1512\">Carrera de Terapia Ocupacional de la Universidad Aut\u00f3noma<\/strong>, quienes hicieron posible esta valiosa capacitaci\u00f3n, compartiendo sus conocimientos y experiencias para enriquecer la labor educativa de todos y todas en nuestra escuela.<\/p><p data-start=\"1687\" data-end=\"1881\">Con iniciativas como esta, reafirmamos nuestro compromiso de <strong data-start=\"1748\" data-end=\"1783\">construir una escuela inclusiva<\/strong>, donde todos y todas puedan aprender, desarrollarse y participar plenamente en la vida escolar.<\/p><\/div><div dir=\"auto\"><div><div dir=\"auto\">\u00a0<\/div><div dir=\"auto\" style=\"text-align: right;\">Comunicaciones Escuela Llano Subercaseaux 2025<\/div><\/div><div>\u00a0<\/div><\/div><div><div dir=\"auto\">\u00a0<\/div><\/div>\t\t\t\t\t\t\t\t<\/div>\n\t\t\t\t<\/div>\n\t\t\t\t\t<\/div>\n\t\t\t\t<\/div>\n\t\t<div class=\"elementor-element elementor-element-19a1e1d e-flex e-con-boxed e-con e-parent\" data-id=\"19a1e1d\" data-element_type=\"container\">\n\t\t\t\t\t<div class=\"e-con-inner\">\n\t\t\t\t<div class=\"elementor-element elementor-element-f3ea193 elementor-skin-carousel elementor-arrows-yes elementor-pagination-type-bullets elementor-pagination-position-outside elementor-widget elementor-widget-media-carousel\" data-id=\"f3ea193\" data-element_type=\"widget\" data-settings=\"{&quot;space_between&quot;:{&quot;unit&quot;:&quot;px&quot;,&quot;size&quot;:25,&quot;sizes&quot;:[]},&quot;skin&quot;:&quot;carousel&quot;,&quot;effect&quot;:&quot;slide&quot;,&quot;show_arrows&quot;:&quot;yes&quot;,&quot;pagination&quot;:&quot;bullets&quot;,&quot;speed&quot;:500,&quot;autoplay&quot;:&quot;yes&quot;,&quot;autoplay_speed&quot;:5000,&quot;loop&quot;:&quot;yes&quot;,&quot;pause_on_hover&quot;:&quot;yes&quot;,&quot;pause_on_interaction&quot;:&quot;yes&quot;,&quot;space_between_tablet&quot;:{&quot;unit&quot;:&quot;px&quot;,&quot;size&quot;:10,&quot;sizes&quot;:[]},&quot;space_between_mobile&quot;:{&quot;unit&quot;:&quot;px&quot;,&quot;size&quot;:10,&quot;sizes&quot;:[]}}\" data-widget_type=\"media-carousel.default\">\n\t\t\t\t<div class=\"elementor-widget-container\">\n\t\t\t\t\t\t\t\t\t<div class=\"elementor-swiper\">\n\t\t\t\t\t<div class=\"elementor-main-swiper swiper\" role=\"region\" aria-roledescription=\"carousel\" aria-label=\"Slides\">\n\t\t\t\t<div class=\"swiper-wrapper\">\n\t\t\t\t\t\t\t\t\t\t\t<div class=\"swiper-slide\" role=\"group\" aria-roledescription=\"slide\">\n\t\t\t\t\t\t\t\t\t<div class=\"elementor-carousel-image\" role=\"img\" aria-label=\"Cap. 04\" style=\"background-image: url(&#039;https:\/\/escuelallanosubercaseaux.cl\/wp-content\/uploads\/2025\/09\/Cap.-04.jpeg&#039;)\">\n\n\t\t\t\n\t\t\t\t\t<\/div>\n\t\t\t\t\t\t\t\t<\/div>\n\t\t\t\t\t\t\t\t\t\t\t<div class=\"swiper-slide\" role=\"group\" aria-roledescription=\"slide\">\n\t\t\t\t\t\t\t\t\t<div class=\"elementor-carousel-image\" role=\"img\" aria-label=\"Cap. 01\" style=\"background-image: url(&#039;https:\/\/escuelallanosubercaseaux.cl\/wp-content\/uploads\/2025\/09\/Cap.-01.jpeg&#039;)\">\n\n\t\t\t\n\t\t\t\t\t<\/div>\n\t\t\t\t\t\t\t\t<\/div>\n\t\t\t\t\t\t\t\t\t\t\t<div class=\"swiper-slide\" role=\"group\" aria-roledescription=\"slide\">\n\t\t\t\t\t\t\t\t\t<div class=\"elementor-carousel-image\" role=\"img\" aria-label=\"Cap. 03\" style=\"background-image: url(&#039;https:\/\/escuelallanosubercaseaux.cl\/wp-content\/uploads\/2025\/09\/Cap.-03.jpeg&#039;)\">\n\n\t\t\t\n\t\t\t\t\t<\/div>\n\t\t\t\t\t\t\t\t<\/div>\n\t\t\t\t\t\t\t\t\t\t\t<div class=\"swiper-slide\" role=\"group\" aria-roledescription=\"slide\">\n\t\t\t\t\t\t\t\t\t<div class=\"elementor-carousel-image\" role=\"img\" aria-label=\"Cap. 02\" style=\"background-image: url(&#039;https:\/\/escuelallanosubercaseaux.cl\/wp-content\/uploads\/2025\/09\/Cap.-02.jpeg&#039;)\">\n\n\t\t\t\n\t\t\t\t\t<\/div>\n\t\t\t\t\t\t\t\t<\/div>\n\t\t\t\t\t\t\t\t\t<\/div>\n\t\t\t\t\t\t\t\t\t\t\t\t\t\t\t<div class=\"elementor-swiper-button elementor-swiper-button-prev\" role=\"button\" tabindex=\"0\" aria-label=\"Previous\">\n\t\t\t\t\t\t\t<svg aria-hidden=\"true\" class=\"e-font-icon-svg e-eicon-chevron-left\" viewBox=\"0 0 1000 1000\" xmlns=\"http:\/\/www.w3.org\/2000\/svg\"><path d=\"M646 125C629 125 613 133 604 142L308 442C296 454 292 471 292 487 292 504 296 521 308 533L604 854C617 867 629 875 646 875 663 875 679 871 692 858 704 846 713 829 713 812 713 796 708 779 692 767L438 487 692 225C700 217 708 204 708 187 708 171 704 154 692 142 675 129 663 125 646 125Z\"><\/path><\/svg>\t\t\t\t\t\t<\/div>\n\t\t\t\t\t\t<div class=\"elementor-swiper-button elementor-swiper-button-next\" role=\"button\" tabindex=\"0\" aria-label=\"Next\">\n\t\t\t\t\t\t\t<svg aria-hidden=\"true\" class=\"e-font-icon-svg e-eicon-chevron-right\" viewBox=\"0 0 1000 1000\" xmlns=\"http:\/\/www.w3.org\/2000\/svg\"><path d=\"M696 533C708 521 713 504 713 487 713 471 708 454 696 446L400 146C388 133 375 125 354 125 338 125 325 129 313 142 300 154 292 171 292 187 292 204 296 221 308 233L563 492 304 771C292 783 288 800 288 817 288 833 296 850 308 863 321 871 338 875 354 875 371 875 388 867 400 854L696 533Z\"><\/path><\/svg>\t\t\t\t\t\t<\/div>\n\t\t\t\t\t\t\t\t\t\t\t\t\t\t\t\t<div class=\"swiper-pagination\"><\/div>\n\t\t\t\t\t\t\t\t\t\t\t\t<\/div>\n\t\t\t\t<\/div>\n\t\t\t\t\t\t\t\t<\/div>\n\t\t\t\t<\/div>\n\t\t\t\t\t<\/div>\n\t\t\t\t<\/div>\n\t\t<div class=\"elementor-element elementor-element-fcc38b2 e-con-full e-flex e-con e-parent\" data-id=\"fcc38b2\" data-element_type=\"container\">\n\t\t<div class=\"elementor-element elementor-element-0790c0f e-con-full e-flex e-con e-child\" data-id=\"0790c0f\" data-element_type=\"container\">\n\t\t\t\t<div class=\"elementor-element elementor-element-c9a0006 elementor-widget elementor-widget-image\" data-id=\"c9a0006\" data-element_type=\"widget\" data-widget_type=\"image.default\">\n\t\t\t\t<div class=\"elementor-widget-container\">\n\t\t\t\t\t\t\t\t\t\t\t\t\t\t\t<img fetchpriority=\"high\" decoding=\"async\" width=\"800\" height=\"600\" src=\"https:\/\/escuelallanosubercaseaux.cl\/wp-content\/uploads\/2025\/09\/Cap.-02-1024x768.jpeg\" class=\"attachment-large size-large wp-image-2838\" alt=\"\" srcset=\"https:\/\/escuelallanosubercaseaux.cl\/wp-content\/uploads\/2025\/09\/Cap.-02-1024x768.jpeg 1024w, https:\/\/escuelallanosubercaseaux.cl\/wp-content\/uploads\/2025\/09\/Cap.-02-300x225.jpeg 300w, https:\/\/escuelallanosubercaseaux.cl\/wp-content\/uploads\/2025\/09\/Cap.-02-768x576.jpeg 768w, https:\/\/escuelallanosubercaseaux.cl\/wp-content\/uploads\/2025\/09\/Cap.-02.jpeg 1354w\" sizes=\"(max-width: 800px) 100vw, 800px\" \/>\t\t\t\t\t\t\t\t\t\t\t\t\t\t\t<\/div>\n\t\t\t\t<\/div>\n\t\t\t\t<\/div>\n\t\t\t\t<div class=\"elementor-element elementor-element-817c0e9 elementor-widget__width-initial elementor-widget elementor-widget-text-editor\" data-id=\"817c0e9\" data-element_type=\"widget\" data-widget_type=\"text-editor.default\">\n\t\t\t\t<div class=\"elementor-widget-container\">\n\t\t\t\t\t\t\t\t\t<p data-start=\"213\" data-end=\"466\">\u00a0<\/p><p data-start=\"213\" data-end=\"466\">La actividad, guiada por expertos en movilidad e inclusi\u00f3n, permiti\u00f3 a nuestro equipo <strong data-start=\"475\" data-end=\"628\">practicar maniobras, aprender protocolos de seguridad y reflexionar sobre la importancia de generar un entorno educativo accesible para todas y todos<\/strong>.<\/p><p data-start=\"633\" data-end=\"859\">\ud83c\udfa5 En este video, puedes ver c\u00f3mo se desarroll\u00f3 la jornada, las din\u00e1micas pr\u00e1cticas y los aprendizajes que fortalecen nuestro compromiso con la <strong data-start=\"777\" data-end=\"835\">inclusi\u00f3n, la seguridad y el respeto por la diversidad<\/strong> dentro de la escuela.<\/p>\t\t\t\t\t\t\t\t<\/div>\n\t\t\t\t<\/div>\n\t\t<div class=\"elementor-element elementor-element-c14f991 e-con-full e-flex e-con e-child\" data-id=\"c14f991\" data-element_type=\"container\">\n\t\t\t\t<div class=\"elementor-element elementor-element-c2a1f70 elementor-widget__width-initial elementor-widget elementor-widget-image\" data-id=\"c2a1f70\" data-element_type=\"widget\" data-widget_type=\"image.default\">\n\t\t\t\t<div class=\"elementor-widget-container\">\n\t\t\t\t\t\t\t\t\t\t\t\t\t\t\t\t<a href=\"https:\/\/youtube.com\/shorts\/IRxPgzeTfu8?feature=share\">\n\t\t\t\t\t\t\t<img decoding=\"async\" width=\"800\" height=\"528\" src=\"https:\/\/escuelallanosubercaseaux.cl\/wp-content\/uploads\/2024\/03\/VIDEO-ICONO-1024x676.jpg\" class=\"attachment-large size-large wp-image-783\" alt=\"\" srcset=\"https:\/\/escuelallanosubercaseaux.cl\/wp-content\/uploads\/2024\/03\/VIDEO-ICONO-1024x676.jpg 1024w, https:\/\/escuelallanosubercaseaux.cl\/wp-content\/uploads\/2024\/03\/VIDEO-ICONO-300x198.jpg 300w, https:\/\/escuelallanosubercaseaux.cl\/wp-content\/uploads\/2024\/03\/VIDEO-ICONO-768x507.jpg 768w, https:\/\/escuelallanosubercaseaux.cl\/wp-content\/uploads\/2024\/03\/VIDEO-ICONO.jpg 1114w\" sizes=\"(max-width: 800px) 100vw, 800px\" \/>\t\t\t\t\t\t\t\t<\/a>\n\t\t\t\t\t\t\t\t\t\t\t\t\t\t\t<\/div>\n\t\t\t\t<\/div>\n\t\t\t\t<\/div>\n\t\t\t\t<\/div>\n\t\t\t\t<\/div>\n\t\t","protected":false},"excerpt":{"rendered":"<p>Fortaleciendo La Inclusi\u00f3n En Nuestra Escuela Este viernes 05 de septiembre, nuestra escuela llev\u00f3 a cabo una enriquecedora jornada de capacitaci\u00f3n en manejo de silla de ruedas en el contexto educativo, dictada por el terapeuta ocupacional Francisco Olmos. Esta actividad se enmarca en nuestro compromiso con la inclusi\u00f3n, la accesibilidad y el bienestar de todos [&hellip;]<\/p>\n","protected":false},"author":1,"featured_media":2861,"comment_status":"closed","ping_status":"open","sticky":false,"template":"","format":"standard","meta":{"footnotes":""},"categories":[8],"tags":[],"class_list":["post-2841","post","type-post","status-publish","format-standard","has-post-thumbnail","hentry","category-noticias"],"_links":{"self":[{"href":"https:\/\/escuelallanosubercaseaux.cl\/index.php?rest_route=\/wp\/v2\/posts\/2841","targetHints":{"allow":["GET"]}}],"collection":[{"href":"https:\/\/escuelallanosubercaseaux.cl\/index.php?rest_route=\/wp\/v2\/posts"}],"about":[{"href":"https:\/\/escuelallanosubercaseaux.cl\/index.php?rest_route=\/wp\/v2\/types\/post"}],"author":[{"embeddable":true,"href":"https:\/\/escuelallanosubercaseaux.cl\/index.php?rest_route=\/wp\/v2\/users\/1"}],"replies":[{"embeddable":true,"href":"https:\/\/escuelallanosubercaseaux.cl\/index.php?rest_route=%2Fwp%2Fv2%2Fcomments&post=2841"}],"version-history":[{"count":25,"href":"https:\/\/escuelallanosubercaseaux.cl\/index.php?rest_route=\/wp\/v2\/posts\/2841\/revisions"}],"predecessor-version":[{"id":2891,"href":"https:\/\/escuelallanosubercaseaux.cl\/index.php?rest_route=\/wp\/v2\/posts\/2841\/revisions\/2891"}],"wp:featuredmedia":[{"embeddable":true,"href":"https:\/\/escuelallanosubercaseaux.cl\/index.php?rest_route=\/wp\/v2\/media\/2861"}],"wp:attachment":[{"href":"https:\/\/escuelallanosubercaseaux.cl\/index.php?rest_route=%2Fwp%2Fv2%2Fmedia&parent=2841"}],"wp:term":[{"taxonomy":"category","embeddable":true,"href":"https:\/\/escuelallanosubercaseaux.cl\/index.php?rest_route=%2Fwp%2Fv2%2Fcategories&post=2841"},{"taxonomy":"post_tag","embeddable":true,"href":"https:\/\/escuelallanosubercaseaux.cl\/index.php?rest_route=%2Fwp%2Fv2%2Ftags&post=2841"}],"curies":[{"name":"wp","href":"https:\/\/api.w.org\/{rel}","templated":true}]}}