{"id":2863,"date":"2025-09-05T17:52:33","date_gmt":"2025-09-05T17:52:33","guid":{"rendered":"https:\/\/escuelallanosubercaseaux.cl\/?p=2863"},"modified":"2025-09-05T17:59:08","modified_gmt":"2025-09-05T17:59:08","slug":"inicio-ano-academico-2024-3-2-2-2-2-2-2-2-2-2-2-2-2-2-2-2-2-2-2-2-2-2-2-2","status":"publish","type":"post","link":"https:\/\/escuelallanosubercaseaux.cl\/?p=2863","title":{"rendered":"\ud83c\udf89 \u00a1Se viene nuestra Gala Folcl\u00f3rica 2025!"},"content":{"rendered":"\t\t<div data-elementor-type=\"wp-post\" data-elementor-id=\"2863\" class=\"elementor elementor-2863\" data-elementor-post-type=\"post\">\n\t\t\t\t<div class=\"elementor-element elementor-element-6ba8b31 e-flex e-con-boxed e-con e-parent\" data-id=\"6ba8b31\" data-element_type=\"container\">\n\t\t\t\t\t<div class=\"e-con-inner\">\n\t\t\t\t<div class=\"elementor-element elementor-element-a333ba8 elementor-widget elementor-widget-heading\" data-id=\"a333ba8\" data-element_type=\"widget\" data-widget_type=\"heading.default\">\n\t\t\t\t<div class=\"elementor-widget-container\">\n\t\t\t\t\t<h2 class=\"elementor-heading-title elementor-size-default\">\u00a1\u00a1 Celebremos Nuestras Tradiciones !! <\/h2>\t\t\t\t<\/div>\n\t\t\t\t<\/div>\n\t\t\t\t\t<\/div>\n\t\t\t\t<\/div>\n\t\t<div class=\"elementor-element elementor-element-0b3c96d e-flex e-con-boxed e-con e-parent\" data-id=\"0b3c96d\" data-element_type=\"container\">\n\t\t\t\t\t<div class=\"e-con-inner\">\n\t\t\t\t<div class=\"elementor-element elementor-element-7be5aa8 elementor-widget elementor-widget-spacer\" data-id=\"7be5aa8\" data-element_type=\"widget\" data-widget_type=\"spacer.default\">\n\t\t\t\t<div class=\"elementor-widget-container\">\n\t\t\t\t\t\t\t<div class=\"elementor-spacer\">\n\t\t\t<div class=\"elementor-spacer-inner\"><\/div>\n\t\t<\/div>\n\t\t\t\t\t\t<\/div>\n\t\t\t\t<\/div>\n\t\t\t\t\t<\/div>\n\t\t\t\t<\/div>\n\t\t<div class=\"elementor-element elementor-element-4617ec1 e-flex e-con-boxed e-con e-parent\" data-id=\"4617ec1\" data-element_type=\"container\">\n\t\t\t\t\t<div class=\"e-con-inner\">\n\t\t\t\t<div class=\"elementor-element elementor-element-e4a54ac elementor-widget elementor-widget-text-editor\" data-id=\"e4a54ac\" data-element_type=\"widget\" data-widget_type=\"text-editor.default\">\n\t\t\t\t<div class=\"elementor-widget-container\">\n\t\t\t\t\t\t\t\t\t<div><p data-start=\"217\" data-end=\"482\">Nuestra escuela se prepara para un evento lleno de cultura, m\u00fasica y alegr\u00eda: la <strong data-start=\"298\" data-end=\"322\">Gala Folcl\u00f3rica 2025<\/strong>. Invitamos a toda nuestra comunidad educativa, especialmente a las familias y apoderados, a compartir este momento tan especial junto a nuestros estudiantes.<\/p><p data-start=\"484\" data-end=\"611\">\ud83d\udccd <strong data-start=\"487\" data-end=\"497\">Lugar:<\/strong> Gimnasio Municipal GOM \u2013 San Miguel<br data-start=\"533\" data-end=\"536\" \/>\ud83d\udcc5 <strong data-start=\"539\" data-end=\"549\">Fecha:<\/strong> Viernes 26 de septiembre<br data-start=\"574\" data-end=\"577\" \/>\ud83d\udd53 <strong data-start=\"580\" data-end=\"589\">Hora:<\/strong> Desde las 10:00 hrs.<\/p><p data-start=\"613\" data-end=\"873\">Durante la jornada, nuestros estudiantes mostrar\u00e1n con entusiasmo presentaciones que reflejan la riqueza de nuestras tradiciones chilenas: bailes t\u00edpicos, m\u00fasica, color y mucho orgullo patrio. Cada actuaci\u00f3n es fruto de su dedicaci\u00f3n, esfuerzo y creatividad.<\/p><p data-start=\"875\" data-end=\"1074\">Este evento no solo celebra la cultura, sino que tambi\u00e9n fortalece los lazos de nuestra comunidad escolar. \u00a1Tu participaci\u00f3n y apoyo son fundamentales para hacer de este d\u00eda un momento inolvidable!<\/p><p data-start=\"1076\" data-end=\"1182\">\u00a0<\/p><p data-start=\"1076\" data-end=\"1182\">\u00a1Ven con tus pa\u00f1uelos al viento, tu alegr\u00eda y tus ganas de disfrutar de la riqueza cultural de Chile!<\/p><\/div><div dir=\"auto\"><div><div dir=\"auto\">\u00a0<\/div><div dir=\"auto\">\u00a0<\/div><div dir=\"auto\" style=\"text-align: right;\">Comunicaciones Escuela Llano Subercaseaux 2025<\/div><\/div><div>\u00a0<\/div><\/div><div><div dir=\"auto\">\u00a0<\/div><\/div>\t\t\t\t\t\t\t\t<\/div>\n\t\t\t\t<\/div>\n\t\t\t\t\t<\/div>\n\t\t\t\t<\/div>\n\t\t\t\t<\/div>\n\t\t","protected":false},"excerpt":{"rendered":"<p>\u00a1\u00a1 Celebremos Nuestras Tradiciones !! Nuestra escuela se prepara para un evento lleno de cultura, m\u00fasica y alegr\u00eda: la Gala Folcl\u00f3rica 2025. Invitamos a toda nuestra comunidad educativa, especialmente a las familias y apoderados, a compartir este momento tan especial junto a nuestros estudiantes. \ud83d\udccd Lugar: Gimnasio Municipal GOM \u2013 San Miguel\ud83d\udcc5 Fecha: Viernes 26 [&hellip;]<\/p>\n","protected":false},"author":1,"featured_media":2862,"comment_status":"closed","ping_status":"open","sticky":false,"template":"","format":"standard","meta":{"footnotes":""},"categories":[8],"tags":[],"class_list":["post-2863","post","type-post","status-publish","format-standard","has-post-thumbnail","hentry","category-noticias"],"_links":{"self":[{"href":"https:\/\/escuelallanosubercaseaux.cl\/index.php?rest_route=\/wp\/v2\/posts\/2863","targetHints":{"allow":["GET"]}}],"collection":[{"href":"https:\/\/escuelallanosubercaseaux.cl\/index.php?rest_route=\/wp\/v2\/posts"}],"about":[{"href":"https:\/\/escuelallanosubercaseaux.cl\/index.php?rest_route=\/wp\/v2\/types\/post"}],"author":[{"embeddable":true,"href":"https:\/\/escuelallanosubercaseaux.cl\/index.php?rest_route=\/wp\/v2\/users\/1"}],"replies":[{"embeddable":true,"href":"https:\/\/escuelallanosubercaseaux.cl\/index.php?rest_route=%2Fwp%2Fv2%2Fcomments&post=2863"}],"version-history":[{"count":19,"href":"https:\/\/escuelallanosubercaseaux.cl\/index.php?rest_route=\/wp\/v2\/posts\/2863\/revisions"}],"predecessor-version":[{"id":2882,"href":"https:\/\/escuelallanosubercaseaux.cl\/index.php?rest_route=\/wp\/v2\/posts\/2863\/revisions\/2882"}],"wp:featuredmedia":[{"embeddable":true,"href":"https:\/\/escuelallanosubercaseaux.cl\/index.php?rest_route=\/wp\/v2\/media\/2862"}],"wp:attachment":[{"href":"https:\/\/escuelallanosubercaseaux.cl\/index.php?rest_route=%2Fwp%2Fv2%2Fmedia&parent=2863"}],"wp:term":[{"taxonomy":"category","embeddable":true,"href":"https:\/\/escuelallanosubercaseaux.cl\/index.php?rest_route=%2Fwp%2Fv2%2Fcategories&post=2863"},{"taxonomy":"post_tag","embeddable":true,"href":"https:\/\/escuelallanosubercaseaux.cl\/index.php?rest_route=%2Fwp%2Fv2%2Ftags&post=2863"}],"curies":[{"name":"wp","href":"https:\/\/api.w.org\/{rel}","templated":true}]}}