{"id":2912,"date":"2025-09-09T18:33:09","date_gmt":"2025-09-09T18:33:09","guid":{"rendered":"https:\/\/escuelallanosubercaseaux.cl\/?p=2912"},"modified":"2025-09-09T19:17:38","modified_gmt":"2025-09-09T19:17:38","slug":"inicio-ano-academico-2024-3-2-2-2-2-2-2-2-2-2-2-2-2-2-2-2-2-2-2-2-2-2-2-2-2","status":"publish","type":"post","link":"https:\/\/escuelallanosubercaseaux.cl\/?p=2912","title":{"rendered":"113 a\u00f1os de historia y comunidad"},"content":{"rendered":"\t\t<div data-elementor-type=\"wp-post\" data-elementor-id=\"2912\" class=\"elementor elementor-2912\" data-elementor-post-type=\"post\">\n\t\t\t\t<div class=\"elementor-element elementor-element-6ba8b31 e-flex e-con-boxed e-con e-parent\" data-id=\"6ba8b31\" data-element_type=\"container\">\n\t\t\t\t\t<div class=\"e-con-inner\">\n\t\t\t\t<div class=\"elementor-element elementor-element-a333ba8 elementor-widget elementor-widget-heading\" data-id=\"a333ba8\" data-element_type=\"widget\" data-widget_type=\"heading.default\">\n\t\t\t\t<div class=\"elementor-widget-container\">\n\t\t\t\t\t<h2 class=\"elementor-heading-title elementor-size-default\">Son 113 a\u00f1os de Memorias Que Nos Unen...!!<\/h2>\t\t\t\t<\/div>\n\t\t\t\t<\/div>\n\t\t\t\t\t<\/div>\n\t\t\t\t<\/div>\n\t\t<div class=\"elementor-element elementor-element-0b3c96d e-flex e-con-boxed e-con e-parent\" data-id=\"0b3c96d\" data-element_type=\"container\">\n\t\t\t\t\t<div class=\"e-con-inner\">\n\t\t\t\t<div class=\"elementor-element elementor-element-7be5aa8 elementor-widget elementor-widget-spacer\" data-id=\"7be5aa8\" data-element_type=\"widget\" data-widget_type=\"spacer.default\">\n\t\t\t\t<div class=\"elementor-widget-container\">\n\t\t\t\t\t\t\t<div class=\"elementor-spacer\">\n\t\t\t<div class=\"elementor-spacer-inner\"><\/div>\n\t\t<\/div>\n\t\t\t\t\t\t<\/div>\n\t\t\t\t<\/div>\n\t\t\t\t\t<\/div>\n\t\t\t\t<\/div>\n\t\t<div class=\"elementor-element elementor-element-4617ec1 e-flex e-con-boxed e-con e-parent\" data-id=\"4617ec1\" data-element_type=\"container\">\n\t\t\t\t\t<div class=\"e-con-inner\">\n\t\t\t\t<div class=\"elementor-element elementor-element-e4a54ac elementor-widget elementor-widget-text-editor\" data-id=\"e4a54ac\" data-element_type=\"widget\" data-widget_type=\"text-editor.default\">\n\t\t\t\t<div class=\"elementor-widget-container\">\n\t\t\t\t\t\t\t\t\t<div><p data-start=\"167\" data-end=\"392\">Este a\u00f1o celebramos con orgullo los <strong data-start=\"203\" data-end=\"261\">113 a\u00f1os de vida de nuestra Escuela Llano Subercaseaux<\/strong>, un espacio que ha sido y sigue siendo parte fundamental de la historia educativa, cultural y social de la comuna de San Miguel.<\/p><p data-start=\"394\" data-end=\"750\">A lo largo de m\u00e1s de un siglo, miles de estudiantes han pasado por nuestras aulas, dejando huellas imborrables que se suman a la memoria colectiva de nuestra instituci\u00f3n. Cada generaci\u00f3n ha aportado con sus sue\u00f1os, talentos y aprendizajes, construyendo la identidad de una escuela que sigue creciendo con la misma pasi\u00f3n y compromiso con que fue fundada.<\/p><p data-start=\"752\" data-end=\"1051\">Hoy queremos rendir un homenaje a todas y todos quienes han sido parte de este camino: estudiantes, docentes, asistentes de la educaci\u00f3n, apoderados y familias que han confiado en nuestra labor formativa. Ellos y ellas son los protagonistas de esta gran historia que sigue escribi\u00e9ndose d\u00eda a d\u00eda.<\/p><p data-start=\"1053\" data-end=\"1363\">Para conmemorar este aniversario, hemos preparado un video que recopila fotograf\u00edas de diversas \u00e9pocas, uniendo recuerdos y emociones de quienes han formado parte de la Escuela Llano Subercaseaux. Es una invitaci\u00f3n a viajar en el tiempo y a reconocer en cada imagen la esencia de nuestra comunidad educativa.<\/p><p data-start=\"1365\" data-end=\"1463\">\ud83d\udc49 Te invitamos a ver este emotivo recorrido a trav\u00e9s del siguiente enlace:<\/p><\/div><div dir=\"auto\"><div><div dir=\"auto\">\u00a0<\/div><div dir=\"auto\">\u00a0<\/div><div dir=\"auto\" style=\"text-align: right;\">Comunicaciones Escuela Llano Subercaseaux 2025<\/div><\/div><div>\u00a0<\/div><\/div><div><div dir=\"auto\">\u00a0<\/div><\/div>\t\t\t\t\t\t\t\t<\/div>\n\t\t\t\t<\/div>\n\t\t\t\t\t<\/div>\n\t\t\t\t<\/div>\n\t\t<div class=\"elementor-element elementor-element-3d39db3 e-con-full e-flex e-con e-parent\" data-id=\"3d39db3\" data-element_type=\"container\">\n\t\t<div class=\"elementor-element elementor-element-cec929f e-con-full e-flex e-con e-child\" data-id=\"cec929f\" data-element_type=\"container\">\n\t\t\t\t<div class=\"elementor-element elementor-element-c3cc75d elementor-widget elementor-widget-text-editor\" data-id=\"c3cc75d\" data-element_type=\"widget\" data-widget_type=\"text-editor.default\">\n\t\t\t\t<div class=\"elementor-widget-container\">\n\t\t\t\t\t\t\t\t\t<p><span style=\"color: #ffffff;\">LLANO SUBERCASEAUX<\/span><\/p>\t\t\t\t\t\t\t\t<\/div>\n\t\t\t\t<\/div>\n\t\t\t\t<div class=\"elementor-element elementor-element-5f5a3bd elementor-widget elementor-widget-text-editor\" data-id=\"5f5a3bd\" data-element_type=\"widget\" data-widget_type=\"text-editor.default\">\n\t\t\t\t<div class=\"elementor-widget-container\">\n\t\t\t\t\t\t\t\t\t<p><img fetchpriority=\"high\" decoding=\"async\" class=\"alignnone wp-image-2924 \" src=\"https:\/\/escuelallanosubercaseaux.cl\/wp-content\/uploads\/2025\/09\/Aniversario-113-00-300x169.jpg\" alt=\"\" width=\"460\" height=\"259\" srcset=\"https:\/\/escuelallanosubercaseaux.cl\/wp-content\/uploads\/2025\/09\/Aniversario-113-00-300x169.jpg 300w, https:\/\/escuelallanosubercaseaux.cl\/wp-content\/uploads\/2025\/09\/Aniversario-113-00-768x432.jpg 768w, https:\/\/escuelallanosubercaseaux.cl\/wp-content\/uploads\/2025\/09\/Aniversario-113-00.jpg 786w\" sizes=\"(max-width: 460px) 100vw, 460px\" \/><\/p><p>Queremos rendir un homenaje a todas y todos quienes han sido parte de estos 113 a\u00f1os de camino: estudiantes, docentes, asistentes de la educaci\u00f3n, apoderados y familias que han confiado en nuestra labor formativa.\u00a0<\/p>\t\t\t\t\t\t\t\t<\/div>\n\t\t\t\t<\/div>\n\t\t\t\t<\/div>\n\t\t\t\t<div class=\"elementor-element elementor-element-f483669 elementor-widget__width-initial elementor-widget elementor-widget-text-editor\" data-id=\"f483669\" data-element_type=\"widget\" data-widget_type=\"text-editor.default\">\n\t\t\t\t<div class=\"elementor-widget-container\">\n\t\t\t\t\t\t\t\t\t<p><span style=\"color: #ffffff;\">LLANO SUBERCASEAUX<\/span><\/p>\t\t\t\t\t\t\t\t<\/div>\n\t\t\t\t<\/div>\n\t\t<div class=\"elementor-element elementor-element-e4d20a3 e-con-full e-flex e-con e-child\" data-id=\"e4d20a3\" data-element_type=\"container\">\n\t\t\t\t<div class=\"elementor-element elementor-element-805a428 elementor-widget__width-initial elementor-widget elementor-widget-image\" data-id=\"805a428\" data-element_type=\"widget\" data-widget_type=\"image.default\">\n\t\t\t\t<div class=\"elementor-widget-container\">\n\t\t\t\t\t\t\t\t\t\t\t\t\t\t\t\t<a href=\"https:\/\/drive.google.com\/file\/d\/1mu_bZBCsPy-ivfL7JDyjQXsrVp1Gsbfs\/view?usp=sharing\">\n\t\t\t\t\t\t\t<img decoding=\"async\" width=\"800\" height=\"528\" src=\"https:\/\/escuelallanosubercaseaux.cl\/wp-content\/uploads\/2024\/03\/VIDEO-ICONO-1024x676.jpg\" class=\"attachment-large size-large wp-image-783\" alt=\"\" srcset=\"https:\/\/escuelallanosubercaseaux.cl\/wp-content\/uploads\/2024\/03\/VIDEO-ICONO-1024x676.jpg 1024w, https:\/\/escuelallanosubercaseaux.cl\/wp-content\/uploads\/2024\/03\/VIDEO-ICONO-300x198.jpg 300w, https:\/\/escuelallanosubercaseaux.cl\/wp-content\/uploads\/2024\/03\/VIDEO-ICONO-768x507.jpg 768w, https:\/\/escuelallanosubercaseaux.cl\/wp-content\/uploads\/2024\/03\/VIDEO-ICONO.jpg 1114w\" sizes=\"(max-width: 800px) 100vw, 800px\" \/>\t\t\t\t\t\t\t\t<\/a>\n\t\t\t\t\t\t\t\t\t\t\t\t\t\t\t<\/div>\n\t\t\t\t<\/div>\n\t\t\t\t<\/div>\n\t\t\t\t<\/div>\n\t\t\t\t<\/div>\n\t\t","protected":false},"excerpt":{"rendered":"<p>Son 113 a\u00f1os de Memorias Que Nos Unen&#8230;!! Este a\u00f1o celebramos con orgullo los 113 a\u00f1os de vida de nuestra Escuela Llano Subercaseaux, un espacio que ha sido y sigue siendo parte fundamental de la historia educativa, cultural y social de la comuna de San Miguel. A lo largo de m\u00e1s de un siglo, miles [&hellip;]<\/p>\n","protected":false},"author":1,"featured_media":2911,"comment_status":"closed","ping_status":"open","sticky":false,"template":"","format":"standard","meta":{"footnotes":""},"categories":[8],"tags":[],"class_list":["post-2912","post","type-post","status-publish","format-standard","has-post-thumbnail","hentry","category-noticias"],"_links":{"self":[{"href":"https:\/\/escuelallanosubercaseaux.cl\/index.php?rest_route=\/wp\/v2\/posts\/2912","targetHints":{"allow":["GET"]}}],"collection":[{"href":"https:\/\/escuelallanosubercaseaux.cl\/index.php?rest_route=\/wp\/v2\/posts"}],"about":[{"href":"https:\/\/escuelallanosubercaseaux.cl\/index.php?rest_route=\/wp\/v2\/types\/post"}],"author":[{"embeddable":true,"href":"https:\/\/escuelallanosubercaseaux.cl\/index.php?rest_route=\/wp\/v2\/users\/1"}],"replies":[{"embeddable":true,"href":"https:\/\/escuelallanosubercaseaux.cl\/index.php?rest_route=%2Fwp%2Fv2%2Fcomments&post=2912"}],"version-history":[{"count":91,"href":"https:\/\/escuelallanosubercaseaux.cl\/index.php?rest_route=\/wp\/v2\/posts\/2912\/revisions"}],"predecessor-version":[{"id":3009,"href":"https:\/\/escuelallanosubercaseaux.cl\/index.php?rest_route=\/wp\/v2\/posts\/2912\/revisions\/3009"}],"wp:featuredmedia":[{"embeddable":true,"href":"https:\/\/escuelallanosubercaseaux.cl\/index.php?rest_route=\/wp\/v2\/media\/2911"}],"wp:attachment":[{"href":"https:\/\/escuelallanosubercaseaux.cl\/index.php?rest_route=%2Fwp%2Fv2%2Fmedia&parent=2912"}],"wp:term":[{"taxonomy":"category","embeddable":true,"href":"https:\/\/escuelallanosubercaseaux.cl\/index.php?rest_route=%2Fwp%2Fv2%2Fcategories&post=2912"},{"taxonomy":"post_tag","embeddable":true,"href":"https:\/\/escuelallanosubercaseaux.cl\/index.php?rest_route=%2Fwp%2Fv2%2Ftags&post=2912"}],"curies":[{"name":"wp","href":"https:\/\/api.w.org\/{rel}","templated":true}]}}