{"id":3230,"date":"2025-09-25T18:01:29","date_gmt":"2025-09-25T18:01:29","guid":{"rendered":"https:\/\/escuelallanosubercaseaux.cl\/?p=3230"},"modified":"2025-09-25T18:07:09","modified_gmt":"2025-09-25T18:07:09","slug":"inicio-ano-academico-2024-3-2-2-2-2-2-2-2-2-2-2-2-2-2-2-2-2-2-2-2-2-2-2-2-2-2-2-2","status":"publish","type":"post","link":"https:\/\/escuelallanosubercaseaux.cl\/?p=3230","title":{"rendered":"Resumen Semana Aniversario \u2013 113 A\u00f1os"},"content":{"rendered":"\t\t<div data-elementor-type=\"wp-post\" data-elementor-id=\"3230\" class=\"elementor elementor-3230\" data-elementor-post-type=\"post\">\n\t\t\t\t<div class=\"elementor-element elementor-element-6ba8b31 e-flex e-con-boxed e-con e-parent\" data-id=\"6ba8b31\" data-element_type=\"container\">\n\t\t\t\t\t<div class=\"e-con-inner\">\n\t\t\t\t<div class=\"elementor-element elementor-element-a333ba8 elementor-widget elementor-widget-heading\" data-id=\"a333ba8\" data-element_type=\"widget\" data-widget_type=\"heading.default\">\n\t\t\t\t<div class=\"elementor-widget-container\">\n\t\t\t\t\t<h2 class=\"elementor-heading-title elementor-size-default\">Reviviendo los Momentos M\u00e1s Especiales de Nuestros 113 A\u00f1os<\/h2>\t\t\t\t<\/div>\n\t\t\t\t<\/div>\n\t\t\t\t\t<\/div>\n\t\t\t\t<\/div>\n\t\t<div class=\"elementor-element elementor-element-0b3c96d e-flex e-con-boxed e-con e-parent\" data-id=\"0b3c96d\" data-element_type=\"container\">\n\t\t\t\t\t<div class=\"e-con-inner\">\n\t\t\t\t<div class=\"elementor-element elementor-element-7be5aa8 elementor-widget elementor-widget-spacer\" data-id=\"7be5aa8\" data-element_type=\"widget\" data-widget_type=\"spacer.default\">\n\t\t\t\t<div class=\"elementor-widget-container\">\n\t\t\t\t\t\t\t<div class=\"elementor-spacer\">\n\t\t\t<div class=\"elementor-spacer-inner\"><\/div>\n\t\t<\/div>\n\t\t\t\t\t\t<\/div>\n\t\t\t\t<\/div>\n\t\t\t\t\t<\/div>\n\t\t\t\t<\/div>\n\t\t<div class=\"elementor-element elementor-element-4617ec1 e-flex e-con-boxed e-con e-parent\" data-id=\"4617ec1\" data-element_type=\"container\">\n\t\t\t\t\t<div class=\"e-con-inner\">\n\t\t\t\t<div class=\"elementor-element elementor-element-e4a54ac elementor-widget elementor-widget-text-editor\" data-id=\"e4a54ac\" data-element_type=\"widget\" data-widget_type=\"text-editor.default\">\n\t\t\t\t<div class=\"elementor-widget-container\">\n\t\t\t\t\t\t\t\t\t<div><p data-start=\"187\" data-end=\"452\">Con gran entusiasmo, nuestra <strong data-start=\"240\" data-end=\"270\">Escuela Llano Subercaseaux<\/strong> celebr\u00f3 un nuevo aniversario, cumpliendo <strong data-start=\"312\" data-end=\"377\">113 a\u00f1os de historia, tradici\u00f3n y compromiso con la educaci\u00f3n<\/strong> de ni\u00f1os, ni\u00f1as y j\u00f3venes de la comuna de San Miguel.<\/p><p data-start=\"435\" data-end=\"653\">Durante esta semana tan significativa, toda la comunidad escolar particip\u00f3 activamente en diversas actividades que nos recordaron la importancia de mantener viva nuestra identidad y fortalecer los lazos que nos unen.<\/p><p data-start=\"655\" data-end=\"982\">El aniversario comenz\u00f3 con un <strong data-start=\"685\" data-end=\"715\">acto oficial conmemorativo<\/strong>, instancia en la que se compartieron palabras de reconocimiento y agradecimiento a las generaciones que han formado parte de nuestra historia. Adem\u00e1s, se presentaron n\u00fameros art\u00edsticos y musicales que reflejaron el talento y la creatividad de nuestros estudiantes.<\/p><p data-start=\"984\" data-end=\"1318\">La celebraci\u00f3n continu\u00f3 con una serie de <strong data-start=\"1025\" data-end=\"1066\">competencias deportivas y recreativas<\/strong>, donde primaron el entusiasmo, la sana convivencia y el esp\u00edritu de equipo. Tambi\u00e9n se realizaron <strong data-start=\"1165\" data-end=\"1202\">concursos culturales y art\u00edsticos<\/strong>, en los que los estudiantes demostraron sus habilidades, creatividad y compromiso con las actividades propuestas.<\/p><p data-start=\"1320\" data-end=\"1630\">Uno de los momentos m\u00e1s esperados de la semana fueron las <strong data-start=\"1378\" data-end=\"1411\">alianzas y jornadas de juegos<\/strong>, que llenaron de alegr\u00eda y color cada espacio de la escuela. Estas din\u00e1micas permitieron compartir, integrarse y disfrutar de un ambiente de camarader\u00eda, fortaleciendo el sentido de pertenencia a nuestra instituci\u00f3n.<\/p><p data-start=\"1632\" data-end=\"1894\">Cada una de estas actividades reflej\u00f3 no solo la celebraci\u00f3n de un aniversario m\u00e1s, sino tambi\u00e9n la construcci\u00f3n de una comunidad educativa que sigue proyect\u00e1ndose hacia el futuro con la misma pasi\u00f3n y compromiso que ha mantenido a lo largo de m\u00e1s de un siglo.<\/p><p data-start=\"187\" data-end=\"452\">.<\/p><\/div><div dir=\"auto\"><div><div dir=\"auto\">\u00a0<\/div><div dir=\"auto\" style=\"text-align: right;\">Comunicaciones Escuela Llano Subercaseaux 2025<\/div><\/div><div>\u00a0<\/div><\/div><div><div dir=\"auto\">\u00a0<\/div><\/div>\t\t\t\t\t\t\t\t<\/div>\n\t\t\t\t<\/div>\n\t\t\t\t\t<\/div>\n\t\t\t\t<\/div>\n\t\t<div class=\"elementor-element elementor-element-8335d73 e-con-full e-flex e-con e-parent\" data-id=\"8335d73\" data-element_type=\"container\">\n\t\t<div class=\"elementor-element elementor-element-0226802 e-con-full e-flex e-con e-child\" data-id=\"0226802\" data-element_type=\"container\">\n\t\t\t\t<div class=\"elementor-element elementor-element-71b53be elementor-widget__width-initial elementor-widget elementor-widget-text-editor\" data-id=\"71b53be\" data-element_type=\"widget\" data-widget_type=\"text-editor.default\">\n\t\t\t\t<div class=\"elementor-widget-container\">\n\t\t\t\t\t\t\t\t\t<p><img fetchpriority=\"high\" decoding=\"async\" class=\"wp-image-3108  alignleft\" src=\"https:\/\/escuelallanosubercaseaux.cl\/wp-content\/uploads\/2025\/09\/Dia-del-Leng.-Senas-01-300x157.png\" alt=\"\" width=\"522\" height=\"273\" srcset=\"https:\/\/escuelallanosubercaseaux.cl\/wp-content\/uploads\/2025\/09\/Dia-del-Leng.-Senas-01-300x157.png 300w, https:\/\/escuelallanosubercaseaux.cl\/wp-content\/uploads\/2025\/09\/Dia-del-Leng.-Senas-01-1024x536.png 1024w, https:\/\/escuelallanosubercaseaux.cl\/wp-content\/uploads\/2025\/09\/Dia-del-Leng.-Senas-01-768x402.png 768w, https:\/\/escuelallanosubercaseaux.cl\/wp-content\/uploads\/2025\/09\/Dia-del-Leng.-Senas-01.png 1152w\" sizes=\"(max-width: 522px) 100vw, 522px\" \/>El 23 de septiembre, nuestra escuela Llano Subercaseaux celebr\u00f3 el D\u00eda Internacional de las Lenguas de Se\u00f1as, promoviendo la inclusi\u00f3n, la diversidad y el respeto por todas las formas de comunicaci\u00f3n.<\/p>\t\t\t\t\t\t\t\t<\/div>\n\t\t\t\t<\/div>\n\t\t\t\t<\/div>\n\t\t<div class=\"elementor-element elementor-element-749ad80 e-con-full e-flex e-con e-child\" data-id=\"749ad80\" data-element_type=\"container\">\n\t\t\t\t<\/div>\n\t\t<div class=\"elementor-element elementor-element-b783d56 e-con-full e-flex e-con e-child\" data-id=\"b783d56\" data-element_type=\"container\">\n\t\t\t\t<div class=\"elementor-element elementor-element-bfed8af elementor-widget elementor-widget-image\" data-id=\"bfed8af\" data-element_type=\"widget\" data-widget_type=\"image.default\">\n\t\t\t\t<div class=\"elementor-widget-container\">\n\t\t\t\t\t\t\t\t\t\t\t\t\t\t\t\t<a href=\"https:\/\/youtu.be\/TPJWiKycsL4\">\n\t\t\t\t\t\t\t<img decoding=\"async\" width=\"682\" height=\"385\" src=\"https:\/\/escuelallanosubercaseaux.cl\/wp-content\/uploads\/2025\/09\/Dia-del-Leng.-Senas-00.jpg\" class=\"attachment-large size-large wp-image-3205\" alt=\"\" srcset=\"https:\/\/escuelallanosubercaseaux.cl\/wp-content\/uploads\/2025\/09\/Dia-del-Leng.-Senas-00.jpg 682w, https:\/\/escuelallanosubercaseaux.cl\/wp-content\/uploads\/2025\/09\/Dia-del-Leng.-Senas-00-300x169.jpg 300w\" sizes=\"(max-width: 682px) 100vw, 682px\" \/>\t\t\t\t\t\t\t\t<\/a>\n\t\t\t\t\t\t\t\t\t\t\t\t\t\t\t<\/div>\n\t\t\t\t<\/div>\n\t\t\t\t<\/div>\n\t\t\t\t<\/div>\n\t\t\t\t<\/div>\n\t\t","protected":false},"excerpt":{"rendered":"<p>Reviviendo los Momentos M\u00e1s Especiales de Nuestros 113 A\u00f1os Con gran entusiasmo, nuestra Escuela Llano Subercaseaux celebr\u00f3 un nuevo aniversario, cumpliendo 113 a\u00f1os de historia, tradici\u00f3n y compromiso con la educaci\u00f3n de ni\u00f1os, ni\u00f1as y j\u00f3venes de la comuna de San Miguel. Durante esta semana tan significativa, toda la comunidad escolar particip\u00f3 activamente en diversas [&hellip;]<\/p>\n","protected":false},"author":1,"featured_media":2527,"comment_status":"closed","ping_status":"open","sticky":false,"template":"","format":"standard","meta":{"footnotes":""},"categories":[8],"tags":[],"class_list":["post-3230","post","type-post","status-publish","format-standard","has-post-thumbnail","hentry","category-noticias"],"_links":{"self":[{"href":"https:\/\/escuelallanosubercaseaux.cl\/index.php?rest_route=\/wp\/v2\/posts\/3230","targetHints":{"allow":["GET"]}}],"collection":[{"href":"https:\/\/escuelallanosubercaseaux.cl\/index.php?rest_route=\/wp\/v2\/posts"}],"about":[{"href":"https:\/\/escuelallanosubercaseaux.cl\/index.php?rest_route=\/wp\/v2\/types\/post"}],"author":[{"embeddable":true,"href":"https:\/\/escuelallanosubercaseaux.cl\/index.php?rest_route=\/wp\/v2\/users\/1"}],"replies":[{"embeddable":true,"href":"https:\/\/escuelallanosubercaseaux.cl\/index.php?rest_route=%2Fwp%2Fv2%2Fcomments&post=3230"}],"version-history":[{"count":10,"href":"https:\/\/escuelallanosubercaseaux.cl\/index.php?rest_route=\/wp\/v2\/posts\/3230\/revisions"}],"predecessor-version":[{"id":3241,"href":"https:\/\/escuelallanosubercaseaux.cl\/index.php?rest_route=\/wp\/v2\/posts\/3230\/revisions\/3241"}],"wp:featuredmedia":[{"embeddable":true,"href":"https:\/\/escuelallanosubercaseaux.cl\/index.php?rest_route=\/wp\/v2\/media\/2527"}],"wp:attachment":[{"href":"https:\/\/escuelallanosubercaseaux.cl\/index.php?rest_route=%2Fwp%2Fv2%2Fmedia&parent=3230"}],"wp:term":[{"taxonomy":"category","embeddable":true,"href":"https:\/\/escuelallanosubercaseaux.cl\/index.php?rest_route=%2Fwp%2Fv2%2Fcategories&post=3230"},{"taxonomy":"post_tag","embeddable":true,"href":"https:\/\/escuelallanosubercaseaux.cl\/index.php?rest_route=%2Fwp%2Fv2%2Ftags&post=3230"}],"curies":[{"name":"wp","href":"https:\/\/api.w.org\/{rel}","templated":true}]}}