{"id":3310,"date":"2025-10-01T14:48:28","date_gmt":"2025-10-01T14:48:28","guid":{"rendered":"https:\/\/escuelallanosubercaseaux.cl\/?p=3310"},"modified":"2025-10-01T15:05:19","modified_gmt":"2025-10-01T15:05:19","slug":"inicio-ano-academico-2024-3-2-2-2-2-2-2-2-2-2-2-2-2-2-2-2-2-2-2-2-2-2-2-2-2-2-2-2-2-2","status":"publish","type":"post","link":"https:\/\/escuelallanosubercaseaux.cl\/?p=3310","title":{"rendered":"Mujeres que Hacen Grande nuestra Escuela"},"content":{"rendered":"\t\t<div data-elementor-type=\"wp-post\" data-elementor-id=\"3310\" class=\"elementor elementor-3310\" data-elementor-post-type=\"post\">\n\t\t\t\t<div class=\"elementor-element elementor-element-6ba8b31 e-flex e-con-boxed e-con e-parent\" data-id=\"6ba8b31\" data-element_type=\"container\">\n\t\t\t\t\t<div class=\"e-con-inner\">\n\t\t\t\t<div class=\"elementor-element elementor-element-a333ba8 elementor-widget elementor-widget-heading\" data-id=\"a333ba8\" data-element_type=\"widget\" data-widget_type=\"heading.default\">\n\t\t\t\t<div class=\"elementor-widget-container\">\n\t\t\t\t\t<h2 class=\"elementor-heading-title elementor-size-default\">\ud83d\udc90 Celebramos a Nuestras Destacadas del A\u00f1o 2025<\/h2>\t\t\t\t<\/div>\n\t\t\t\t<\/div>\n\t\t\t\t\t<\/div>\n\t\t\t\t<\/div>\n\t\t<div class=\"elementor-element elementor-element-0b3c96d e-flex e-con-boxed e-con e-parent\" data-id=\"0b3c96d\" data-element_type=\"container\">\n\t\t\t\t\t<div class=\"e-con-inner\">\n\t\t\t\t<div class=\"elementor-element elementor-element-7be5aa8 elementor-widget elementor-widget-spacer\" data-id=\"7be5aa8\" data-element_type=\"widget\" data-widget_type=\"spacer.default\">\n\t\t\t\t<div class=\"elementor-widget-container\">\n\t\t\t\t\t\t\t<div class=\"elementor-spacer\">\n\t\t\t<div class=\"elementor-spacer-inner\"><\/div>\n\t\t<\/div>\n\t\t\t\t\t\t<\/div>\n\t\t\t\t<\/div>\n\t\t\t\t\t<\/div>\n\t\t\t\t<\/div>\n\t\t<div class=\"elementor-element elementor-element-4617ec1 e-flex e-con-boxed e-con e-parent\" data-id=\"4617ec1\" data-element_type=\"container\">\n\t\t\t\t\t<div class=\"e-con-inner\">\n\t\t\t\t<div class=\"elementor-element elementor-element-e4a54ac elementor-widget elementor-widget-text-editor\" data-id=\"e4a54ac\" data-element_type=\"widget\" data-widget_type=\"text-editor.default\">\n\t\t\t\t<div class=\"elementor-widget-container\">\n\t\t\t\t\t\t\t\t\t<div><p data-start=\"287\" data-end=\"491\">En la Escuela Llano Subercaseaux nos llena de orgullo reconocer p\u00fablicamente a quienes, con esfuerzo, vocaci\u00f3n y compromiso, hacen de nuestra comunidad educativa un espacio de crecimiento y aprendizaje.<\/p><p data-start=\"493\" data-end=\"581\">Este a\u00f1o, mediante una votaci\u00f3n democr\u00e1tica, hemos elegido a nuestras destacadas 2025:<\/p><p data-start=\"583\" data-end=\"1126\">\u2728 <strong data-start=\"585\" data-end=\"631\">Docente Destacada: Profesora Karla Segovia<\/strong><br data-start=\"631\" data-end=\"634\" \/>Docente que ha sido reconocida por sus pares gracias a su excelente labor pedag\u00f3gica, marcada por la innovaci\u00f3n en sus clases, la dedicaci\u00f3n en los procesos de aprendizaje de sus estudiantes y su constante preocupaci\u00f3n por atender las distintas necesidades educativas. Su capacidad para generar ambientes motivadores y significativos en la sala de clases refleja su compromiso con la formaci\u00f3n integral de los ni\u00f1os y ni\u00f1as, transform\u00e1ndola en un ejemplo de vocaci\u00f3n docente.<\/p><p data-start=\"1128\" data-end=\"1664\">\u2728 <strong data-start=\"1130\" data-end=\"1189\">Asistente de la Educaci\u00f3n Destacada: Sra. Jannette Zamorano<\/strong><br data-start=\"1189\" data-end=\"1192\" \/>Funcionaria, que se desempe\u00f1a como auxiliar de aseo en nuestra escuela, ha sido destacada por su responsabilidad, compromiso y entrega en cada una de sus tareas. Su puntualidad, su constante disposici\u00f3n para colaborar y su cari\u00f1o hacia estudiantes, docentes y familias, la convierten en una figura fundamental dentro de nuestra comunidad. Siempre presente y dispuesta a aportar, Jannette representa el esp\u00edritu de esfuerzo, dedicaci\u00f3n y compa\u00f1erismo que queremos resaltar.<\/p><p data-start=\"1666\" data-end=\"2065\">Este reconocimiento refleja no solo la valoraci\u00f3n del trabajo bien hecho, sino tambi\u00e9n la importancia de cada rol en la construcci\u00f3n de una escuela mejor. Felicitamos con mucho orgullo a nuestras funcionarias, y agradecemos a toda la comunidad por participar en este proceso democr\u00e1tico que nos recuerda que cada persona, desde su espacio, contribuye al crecimiento de nuestra querida escuela.<\/p><p data-start=\"321\" data-end=\"506\">.<\/p><\/div><div dir=\"auto\"><div><div dir=\"auto\">\u00a0<\/div><div dir=\"auto\" style=\"text-align: right;\">Comunicaciones Escuela Llano Subercaseaux 2025<\/div><\/div><div>\u00a0<\/div><\/div><div><div dir=\"auto\">\u00a0<\/div><\/div>\t\t\t\t\t\t\t\t<\/div>\n\t\t\t\t<\/div>\n\t\t\t\t\t<\/div>\n\t\t\t\t<\/div>\n\t\t<div class=\"elementor-element elementor-element-8a4d273 e-flex e-con-boxed e-con e-parent\" data-id=\"8a4d273\" data-element_type=\"container\">\n\t\t\t\t\t<div class=\"e-con-inner\">\n\t\t<div class=\"elementor-element elementor-element-d5d15e4 e-con-full e-flex e-con e-child\" data-id=\"d5d15e4\" data-element_type=\"container\">\n\t\t\t\t<div class=\"elementor-element elementor-element-13d3080 elementor-widget elementor-widget-image\" data-id=\"13d3080\" data-element_type=\"widget\" data-widget_type=\"image.default\">\n\t\t\t\t<div class=\"elementor-widget-container\">\n\t\t\t\t\t\t\t\t\t\t\t\t\t\t\t<img fetchpriority=\"high\" decoding=\"async\" width=\"768\" height=\"1024\" src=\"https:\/\/escuelallanosubercaseaux.cl\/wp-content\/uploads\/2025\/10\/DOCENTE-DESTACADA-768x1024.jpeg\" class=\"attachment-large size-large wp-image-3341\" alt=\"\" srcset=\"https:\/\/escuelallanosubercaseaux.cl\/wp-content\/uploads\/2025\/10\/DOCENTE-DESTACADA-768x1024.jpeg 768w, https:\/\/escuelallanosubercaseaux.cl\/wp-content\/uploads\/2025\/10\/DOCENTE-DESTACADA-225x300.jpeg 225w, https:\/\/escuelallanosubercaseaux.cl\/wp-content\/uploads\/2025\/10\/DOCENTE-DESTACADA-1152x1536.jpeg 1152w, https:\/\/escuelallanosubercaseaux.cl\/wp-content\/uploads\/2025\/10\/DOCENTE-DESTACADA.jpeg 1200w\" sizes=\"(max-width: 768px) 100vw, 768px\" \/>\t\t\t\t\t\t\t\t\t\t\t\t\t\t\t<\/div>\n\t\t\t\t<\/div>\n\t\t\t\t<\/div>\n\t\t<div class=\"elementor-element elementor-element-30e972d e-con-full e-flex e-con e-child\" data-id=\"30e972d\" data-element_type=\"container\">\n\t\t\t\t<div class=\"elementor-element elementor-element-ae3157a elementor-widget elementor-widget-image\" data-id=\"ae3157a\" data-element_type=\"widget\" data-widget_type=\"image.default\">\n\t\t\t\t<div class=\"elementor-widget-container\">\n\t\t\t\t\t\t\t\t\t\t\t\t\t\t\t<img decoding=\"async\" width=\"768\" height=\"1024\" src=\"https:\/\/escuelallanosubercaseaux.cl\/wp-content\/uploads\/2025\/10\/AAEE-DESTACADA-768x1024.jpeg\" class=\"attachment-large size-large wp-image-3342\" alt=\"\" srcset=\"https:\/\/escuelallanosubercaseaux.cl\/wp-content\/uploads\/2025\/10\/AAEE-DESTACADA-768x1024.jpeg 768w, https:\/\/escuelallanosubercaseaux.cl\/wp-content\/uploads\/2025\/10\/AAEE-DESTACADA-225x300.jpeg 225w, https:\/\/escuelallanosubercaseaux.cl\/wp-content\/uploads\/2025\/10\/AAEE-DESTACADA-1152x1536.jpeg 1152w, https:\/\/escuelallanosubercaseaux.cl\/wp-content\/uploads\/2025\/10\/AAEE-DESTACADA.jpeg 1200w\" sizes=\"(max-width: 768px) 100vw, 768px\" \/>\t\t\t\t\t\t\t\t\t\t\t\t\t\t\t<\/div>\n\t\t\t\t<\/div>\n\t\t\t\t<\/div>\n\t\t\t\t\t<\/div>\n\t\t\t\t<\/div>\n\t\t\t\t<\/div>\n\t\t","protected":false},"excerpt":{"rendered":"<p>\ud83d\udc90 Celebramos a Nuestras Destacadas del A\u00f1o 2025 En la Escuela Llano Subercaseaux nos llena de orgullo reconocer p\u00fablicamente a quienes, con esfuerzo, vocaci\u00f3n y compromiso, hacen de nuestra comunidad educativa un espacio de crecimiento y aprendizaje. Este a\u00f1o, mediante una votaci\u00f3n democr\u00e1tica, hemos elegido a nuestras destacadas 2025: \u2728 Docente Destacada: Profesora Karla SegoviaDocente [&hellip;]<\/p>\n","protected":false},"author":1,"featured_media":3311,"comment_status":"closed","ping_status":"open","sticky":false,"template":"","format":"standard","meta":{"footnotes":""},"categories":[8],"tags":[],"class_list":["post-3310","post","type-post","status-publish","format-standard","has-post-thumbnail","hentry","category-noticias"],"_links":{"self":[{"href":"https:\/\/escuelallanosubercaseaux.cl\/index.php?rest_route=\/wp\/v2\/posts\/3310","targetHints":{"allow":["GET"]}}],"collection":[{"href":"https:\/\/escuelallanosubercaseaux.cl\/index.php?rest_route=\/wp\/v2\/posts"}],"about":[{"href":"https:\/\/escuelallanosubercaseaux.cl\/index.php?rest_route=\/wp\/v2\/types\/post"}],"author":[{"embeddable":true,"href":"https:\/\/escuelallanosubercaseaux.cl\/index.php?rest_route=\/wp\/v2\/users\/1"}],"replies":[{"embeddable":true,"href":"https:\/\/escuelallanosubercaseaux.cl\/index.php?rest_route=%2Fwp%2Fv2%2Fcomments&post=3310"}],"version-history":[{"count":31,"href":"https:\/\/escuelallanosubercaseaux.cl\/index.php?rest_route=\/wp\/v2\/posts\/3310\/revisions"}],"predecessor-version":[{"id":3345,"href":"https:\/\/escuelallanosubercaseaux.cl\/index.php?rest_route=\/wp\/v2\/posts\/3310\/revisions\/3345"}],"wp:featuredmedia":[{"embeddable":true,"href":"https:\/\/escuelallanosubercaseaux.cl\/index.php?rest_route=\/wp\/v2\/media\/3311"}],"wp:attachment":[{"href":"https:\/\/escuelallanosubercaseaux.cl\/index.php?rest_route=%2Fwp%2Fv2%2Fmedia&parent=3310"}],"wp:term":[{"taxonomy":"category","embeddable":true,"href":"https:\/\/escuelallanosubercaseaux.cl\/index.php?rest_route=%2Fwp%2Fv2%2Fcategories&post=3310"},{"taxonomy":"post_tag","embeddable":true,"href":"https:\/\/escuelallanosubercaseaux.cl\/index.php?rest_route=%2Fwp%2Fv2%2Ftags&post=3310"}],"curies":[{"name":"wp","href":"https:\/\/api.w.org\/{rel}","templated":true}]}}