{"id":3434,"date":"2025-10-02T17:42:16","date_gmt":"2025-10-02T17:42:16","guid":{"rendered":"https:\/\/escuelallanosubercaseaux.cl\/?p=3434"},"modified":"2025-10-06T18:54:41","modified_gmt":"2025-10-06T18:54:41","slug":"inicio-ano-academico-2024-3-2-2-2-2-2-2-2-2-2-2-2-2-2-2-2-2-2-2-2-2-2-2-2-2-2-2-2-2-2-2-2","status":"publish","type":"post","link":"https:\/\/escuelallanosubercaseaux.cl\/?p=3434","title":{"rendered":"Consejo Local &#8220;CLEP&#8221;"},"content":{"rendered":"\t\t<div data-elementor-type=\"wp-post\" data-elementor-id=\"3434\" class=\"elementor elementor-3434\" data-elementor-post-type=\"post\">\n\t\t\t\t<div class=\"elementor-element elementor-element-6ba8b31 e-flex e-con-boxed e-con e-parent\" data-id=\"6ba8b31\" data-element_type=\"container\">\n\t\t\t\t\t<div class=\"e-con-inner\">\n\t\t\t\t<div class=\"elementor-element elementor-element-a333ba8 elementor-widget elementor-widget-heading\" data-id=\"a333ba8\" data-element_type=\"widget\" data-widget_type=\"heading.default\">\n\t\t\t\t<div class=\"elementor-widget-container\">\n\t\t\t\t\t<h2 class=\"elementor-heading-title elementor-size-default\">\ud83d\uddf3\ufe0f Elecciones Consejo Local de Educaci\u00f3n P\u00fablica (CLEP)<\/h2>\t\t\t\t<\/div>\n\t\t\t\t<\/div>\n\t\t\t\t\t<\/div>\n\t\t\t\t<\/div>\n\t\t<div class=\"elementor-element elementor-element-0b3c96d e-flex e-con-boxed e-con e-parent\" data-id=\"0b3c96d\" data-element_type=\"container\">\n\t\t\t\t\t<div class=\"e-con-inner\">\n\t\t\t\t<div class=\"elementor-element elementor-element-7be5aa8 elementor-widget elementor-widget-spacer\" data-id=\"7be5aa8\" data-element_type=\"widget\" data-widget_type=\"spacer.default\">\n\t\t\t\t<div class=\"elementor-widget-container\">\n\t\t\t\t\t\t\t<div class=\"elementor-spacer\">\n\t\t\t<div class=\"elementor-spacer-inner\"><\/div>\n\t\t<\/div>\n\t\t\t\t\t\t<\/div>\n\t\t\t\t<\/div>\n\t\t\t\t\t<\/div>\n\t\t\t\t<\/div>\n\t\t<div class=\"elementor-element elementor-element-57e7a87 e-flex e-con-boxed e-con e-parent\" data-id=\"57e7a87\" data-element_type=\"container\">\n\t\t\t\t\t<div class=\"e-con-inner\">\n\t\t\t\t<div class=\"elementor-element elementor-element-cbbcb7c elementor-widget elementor-widget-text-editor\" data-id=\"cbbcb7c\" data-element_type=\"widget\" data-widget_type=\"text-editor.default\">\n\t\t\t\t<div class=\"elementor-widget-container\">\n\t\t\t\t\t\t\t\t\t<h4><strong>Estimada Comunidad Educativa:<\/strong><\/h4><p>Les informamos que se encuentran en desarrollo las Elecciones del Consejo Local de Educaci\u00f3n P\u00fablica (CLEP), instancia democr\u00e1tica de participaci\u00f3n ciudadana creada por la Ley N.\u00b0 21.040, que busca fortalecer la voz de cada comunidad educativa dentro del Sistema de Educaci\u00f3n P\u00fablica.<\/p><p>El CLEP es un \u00f3rgano colegiado y consultivo que colabora directamente con el Servicio Local de Educaci\u00f3n, velando porque las decisiones educativas respondan a las necesidades y realidades de nuestras comunidades.<\/p>\t\t\t\t\t\t\t\t<\/div>\n\t\t\t\t<\/div>\n\t\t\t\t\t<\/div>\n\t\t\t\t<\/div>\n\t\t<div class=\"elementor-element elementor-element-e71236f e-flex e-con-boxed e-con e-parent\" data-id=\"e71236f\" data-element_type=\"container\">\n\t\t\t\t\t<div class=\"e-con-inner\">\n\t\t<div class=\"elementor-element elementor-element-3827704 e-con-full e-flex e-con e-child\" data-id=\"3827704\" data-element_type=\"container\">\n\t\t\t\t<div class=\"elementor-element elementor-element-f4bfc10 elementor-widget elementor-widget-image\" data-id=\"f4bfc10\" data-element_type=\"widget\" data-widget_type=\"image.default\">\n\t\t\t\t<div class=\"elementor-widget-container\">\n\t\t\t\t\t\t\t\t\t\t\t\t\t\t\t<img fetchpriority=\"high\" decoding=\"async\" width=\"350\" height=\"350\" src=\"https:\/\/escuelallanosubercaseaux.cl\/wp-content\/uploads\/2025\/10\/Consejo-Local-01.jpg\" class=\"attachment-large size-large wp-image-3526\" alt=\"\" srcset=\"https:\/\/escuelallanosubercaseaux.cl\/wp-content\/uploads\/2025\/10\/Consejo-Local-01.jpg 350w, https:\/\/escuelallanosubercaseaux.cl\/wp-content\/uploads\/2025\/10\/Consejo-Local-01-300x300.jpg 300w, https:\/\/escuelallanosubercaseaux.cl\/wp-content\/uploads\/2025\/10\/Consejo-Local-01-150x150.jpg 150w\" sizes=\"(max-width: 350px) 100vw, 350px\" \/>\t\t\t\t\t\t\t\t\t\t\t\t\t\t\t<\/div>\n\t\t\t\t<\/div>\n\t\t\t\t<\/div>\n\t\t<div class=\"elementor-element elementor-element-79488b4 e-con-full e-flex e-con e-child\" data-id=\"79488b4\" data-element_type=\"container\">\n\t\t\t\t<div class=\"elementor-element elementor-element-67387ff elementor-widget elementor-widget-text-editor\" data-id=\"67387ff\" data-element_type=\"widget\" data-widget_type=\"text-editor.default\">\n\t\t\t\t<div class=\"elementor-widget-container\">\n\t\t\t\t\t\t\t\t\t<p>\ud83d\udccc <strong>\u00bfQui\u00e9nes pueden votar?<\/strong><br \/>Cada persona debe votar solo en el estamento al que pertenece:<\/p><ul><li>Estudiantes<\/li><li>Padres, madres y apoderados<\/li><li>Docentes<\/li><li>Asistentes de la educaci\u00f3n.<\/li><li>\u00a0<\/li><\/ul><p>\ud83d\udccc <strong>\u00bfPor qu\u00e9 es importante participar?<\/strong><br \/>Porque a trav\u00e9s de este proceso cada voz cuenta, asegurando que las decisiones en educaci\u00f3n reflejen la diversidad, compromiso y necesidades de nuestras comunidades escolares.<\/p>\t\t\t\t\t\t\t\t<\/div>\n\t\t\t\t<\/div>\n\t\t\t\t<\/div>\n\t\t\t\t\t<\/div>\n\t\t\t\t<\/div>\n\t\t<div class=\"elementor-element elementor-element-893b841 e-flex e-con-boxed e-con e-parent\" data-id=\"893b841\" data-element_type=\"container\">\n\t\t\t\t\t<div class=\"e-con-inner\">\n\t\t<div class=\"elementor-element elementor-element-3d90814 e-con-full e-flex e-con e-child\" data-id=\"3d90814\" data-element_type=\"container\">\n\t\t\t\t<div class=\"elementor-element elementor-element-e89495d elementor-widget elementor-widget-text-editor\" data-id=\"e89495d\" data-element_type=\"widget\" data-widget_type=\"text-editor.default\">\n\t\t\t\t<div class=\"elementor-widget-container\">\n\t\t\t\t\t\t\t\t\t<p>\ud83d\udccc <strong>\u00bfC\u00f3mo se vota?<\/strong><br \/>El proceso es democr\u00e1tico, directo y secreto. La votaci\u00f3n se realizar\u00e1 seg\u00fan los plazos y mecanismos informados oficialmente por el Servicio Local de Educaci\u00f3n correspondiente.<\/p><p>\u00a0<\/p>\t\t\t\t\t\t\t\t<\/div>\n\t\t\t\t<\/div>\n\t\t\t\t<\/div>\n\t\t<div class=\"elementor-element elementor-element-1b4e655 e-con-full e-flex e-con e-child\" data-id=\"1b4e655\" data-element_type=\"container\">\n\t\t\t\t<div class=\"elementor-element elementor-element-1bbaa38 elementor-widget elementor-widget-image\" data-id=\"1bbaa38\" data-element_type=\"widget\" data-widget_type=\"image.default\">\n\t\t\t\t<div class=\"elementor-widget-container\">\n\t\t\t\t\t\t\t\t\t\t\t\t\t\t\t<img decoding=\"async\" width=\"487\" height=\"101\" src=\"https:\/\/escuelallanosubercaseaux.cl\/wp-content\/uploads\/2025\/10\/Consejo-Local-02.jpg\" class=\"attachment-large size-large wp-image-3536\" alt=\"\" srcset=\"https:\/\/escuelallanosubercaseaux.cl\/wp-content\/uploads\/2025\/10\/Consejo-Local-02.jpg 487w, https:\/\/escuelallanosubercaseaux.cl\/wp-content\/uploads\/2025\/10\/Consejo-Local-02-300x62.jpg 300w\" sizes=\"(max-width: 487px) 100vw, 487px\" \/>\t\t\t\t\t\t\t\t\t\t\t\t\t\t\t<\/div>\n\t\t\t\t<\/div>\n\t\t\t\t<\/div>\n\t\t\t\t\t<\/div>\n\t\t\t\t<\/div>\n\t\t<div class=\"elementor-element elementor-element-dab9ed6 e-flex e-con-boxed e-con e-parent\" data-id=\"dab9ed6\" data-element_type=\"container\">\n\t\t\t\t\t<div class=\"e-con-inner\">\n\t\t\t\t<div class=\"elementor-element elementor-element-7fdefd8 elementor-widget elementor-widget-heading\" data-id=\"7fdefd8\" data-element_type=\"widget\" data-widget_type=\"heading.default\">\n\t\t\t\t<div class=\"elementor-widget-container\">\n\t\t\t\t\t<h2 class=\"elementor-heading-title elementor-size-default\">Ingreso a la plataforma para votar<\/h2>\t\t\t\t<\/div>\n\t\t\t\t<\/div>\n\t\t\t\t\t<\/div>\n\t\t\t\t<\/div>\n\t\t<div class=\"elementor-element elementor-element-94e6a04 e-flex e-con-boxed e-con e-parent\" data-id=\"94e6a04\" data-element_type=\"container\">\n\t\t\t\t\t<div class=\"e-con-inner\">\n\t\t\t\t\t<\/div>\n\t\t\t\t<\/div>\n\t\t<div class=\"elementor-element elementor-element-754e371 e-flex e-con-boxed e-con e-parent\" data-id=\"754e371\" data-element_type=\"container\">\n\t\t\t\t\t<div class=\"e-con-inner\">\n\t\t<div class=\"elementor-element elementor-element-f9a2c07 e-con-full e-flex e-con e-child\" data-id=\"f9a2c07\" data-element_type=\"container\">\n\t\t\t\t<div class=\"elementor-element elementor-element-db56baf elementor-widget elementor-widget-image\" data-id=\"db56baf\" data-element_type=\"widget\" data-widget_type=\"image.default\">\n\t\t\t\t<div class=\"elementor-widget-container\">\n\t\t\t\t\t\t\t\t\t\t\t\t\t\t\t<img decoding=\"async\" width=\"800\" height=\"453\" src=\"https:\/\/escuelallanosubercaseaux.cl\/wp-content\/uploads\/2025\/10\/Postulantes-Estudiantes.png\" class=\"attachment-large size-large wp-image-3590\" alt=\"\" srcset=\"https:\/\/escuelallanosubercaseaux.cl\/wp-content\/uploads\/2025\/10\/Postulantes-Estudiantes.png 802w, https:\/\/escuelallanosubercaseaux.cl\/wp-content\/uploads\/2025\/10\/Postulantes-Estudiantes-300x170.png 300w, https:\/\/escuelallanosubercaseaux.cl\/wp-content\/uploads\/2025\/10\/Postulantes-Estudiantes-768x435.png 768w\" sizes=\"(max-width: 800px) 100vw, 800px\" \/>\t\t\t\t\t\t\t\t\t\t\t\t\t\t\t<\/div>\n\t\t\t\t<\/div>\n\t\t\t\t<\/div>\n\t\t<div class=\"elementor-element elementor-element-9bd9d62 e-con-full e-flex e-con e-child\" data-id=\"9bd9d62\" data-element_type=\"container\">\n\t\t\t\t<div class=\"elementor-element elementor-element-0ea365b elementor-widget elementor-widget-image\" data-id=\"0ea365b\" data-element_type=\"widget\" data-widget_type=\"image.default\">\n\t\t\t\t<div class=\"elementor-widget-container\">\n\t\t\t\t\t\t\t\t\t\t\t\t\t\t\t<img loading=\"lazy\" decoding=\"async\" width=\"800\" height=\"344\" src=\"https:\/\/escuelallanosubercaseaux.cl\/wp-content\/uploads\/2025\/10\/Consejo-Local-03.jpg\" class=\"attachment-large size-large wp-image-3598\" alt=\"\" srcset=\"https:\/\/escuelallanosubercaseaux.cl\/wp-content\/uploads\/2025\/10\/Consejo-Local-03.jpg 869w, https:\/\/escuelallanosubercaseaux.cl\/wp-content\/uploads\/2025\/10\/Consejo-Local-03-300x129.jpg 300w, https:\/\/escuelallanosubercaseaux.cl\/wp-content\/uploads\/2025\/10\/Consejo-Local-03-768x331.jpg 768w\" sizes=\"(max-width: 800px) 100vw, 800px\" \/>\t\t\t\t\t\t\t\t\t\t\t\t\t\t\t<\/div>\n\t\t\t\t<\/div>\n\t\t\t\t<div class=\"elementor-element elementor-element-830665d elementor-widget elementor-widget-text-editor\" data-id=\"830665d\" data-element_type=\"widget\" data-widget_type=\"text-editor.default\">\n\t\t\t\t<div class=\"elementor-widget-container\">\n\t\t\t\t\t\t\t\t\t<p>Para poder votar debe ingresar al sitio web a trav\u00e9s del siguiente Link:<\/p><p><span style=\"color: #0000ff;\"><strong><a style=\"color: #0000ff;\" href=\"https:\/\/slepsantarosa.votoremoto.cl\/\" target=\"_blank\" rel=\"noopener\" data-saferedirecturl=\"https:\/\/www.google.com\/url?q=https:\/\/slepsantarosa.votoremoto.cl\/&amp;source=gmail&amp;ust=1759847560731000&amp;usg=AOvVaw1cxikeun17xVwUubM4LAdG\">https:\/\/slepsantarosa.<wbr \/>votoremoto.cl\/<\/a><\/strong><\/span><\/p><p>Debes escribir tu Rut sin puntos ni gui\u00f3n y luego das a ingresar. Su contrase\u00f1a de acceso ser\u00e1 su RUT sin puntos ni d\u00edgito verificador.<\/p>\t\t\t\t\t\t\t\t<\/div>\n\t\t\t\t<\/div>\n\t\t\t\t<\/div>\n\t\t\t\t\t<\/div>\n\t\t\t\t<\/div>\n\t\t<div class=\"elementor-element elementor-element-2f76c2f e-flex e-con-boxed e-con e-parent\" data-id=\"2f76c2f\" data-element_type=\"container\">\n\t\t\t\t\t<div class=\"e-con-inner\">\n\t\t\t\t<div class=\"elementor-element elementor-element-8c8878a elementor-widget elementor-widget-heading\" data-id=\"8c8878a\" data-element_type=\"widget\" data-widget_type=\"heading.default\">\n\t\t\t\t<div class=\"elementor-widget-container\">\n\t\t\t\t\t<h2 class=\"elementor-heading-title elementor-size-default\">Ingreso a la plataforma para votar<\/h2>\t\t\t\t<\/div>\n\t\t\t\t<\/div>\n\t\t\t\t\t<\/div>\n\t\t\t\t<\/div>\n\t\t<div class=\"elementor-element elementor-element-e2cb892 e-flex e-con-boxed e-con e-parent\" data-id=\"e2cb892\" data-element_type=\"container\">\n\t\t\t\t\t<div class=\"e-con-inner\">\n\t\t\t\t<div class=\"elementor-element elementor-element-d4e1c34 elementor-widget elementor-widget-heading\" data-id=\"d4e1c34\" data-element_type=\"widget\" data-widget_type=\"heading.default\">\n\t\t\t\t<div class=\"elementor-widget-container\">\n\t\t\t\t\t<h2 class=\"elementor-heading-title elementor-size-default\">Candidaturas Estamento de Estudiantes<\/h2>\t\t\t\t<\/div>\n\t\t\t\t<\/div>\n\t\t\t\t\t<\/div>\n\t\t\t\t<\/div>\n\t\t<div class=\"elementor-element elementor-element-9b171a4 e-flex e-con-boxed e-con e-parent\" data-id=\"9b171a4\" data-element_type=\"container\">\n\t\t\t\t\t<div class=\"e-con-inner\">\n\t\t\t\t\t<\/div>\n\t\t\t\t<\/div>\n\t\t<div class=\"elementor-element elementor-element-c1a5011 e-flex e-con-boxed e-con e-parent\" data-id=\"c1a5011\" data-element_type=\"container\">\n\t\t\t\t\t<div class=\"e-con-inner\">\n\t\t<div class=\"elementor-element elementor-element-59aed95 e-con-full e-flex e-con e-child\" data-id=\"59aed95\" data-element_type=\"container\">\n\t\t\t\t<div class=\"elementor-element elementor-element-e5b5f2a elementor-widget elementor-widget-image\" data-id=\"e5b5f2a\" data-element_type=\"widget\" data-widget_type=\"image.default\">\n\t\t\t\t<div class=\"elementor-widget-container\">\n\t\t\t\t\t\t\t\t\t\t\t\t\t\t\t<img loading=\"lazy\" decoding=\"async\" width=\"800\" height=\"1000\" src=\"https:\/\/escuelallanosubercaseaux.cl\/wp-content\/uploads\/2025\/10\/Afiche-Sofia-Munoz-1-819x1024.jpeg\" class=\"attachment-large size-large wp-image-3589\" alt=\"\" srcset=\"https:\/\/escuelallanosubercaseaux.cl\/wp-content\/uploads\/2025\/10\/Afiche-Sofia-Munoz-1-819x1024.jpeg 819w, https:\/\/escuelallanosubercaseaux.cl\/wp-content\/uploads\/2025\/10\/Afiche-Sofia-Munoz-1-240x300.jpeg 240w, https:\/\/escuelallanosubercaseaux.cl\/wp-content\/uploads\/2025\/10\/Afiche-Sofia-Munoz-1-768x960.jpeg 768w, https:\/\/escuelallanosubercaseaux.cl\/wp-content\/uploads\/2025\/10\/Afiche-Sofia-Munoz-1.jpeg 1080w\" sizes=\"(max-width: 800px) 100vw, 800px\" \/>\t\t\t\t\t\t\t\t\t\t\t\t\t\t\t<\/div>\n\t\t\t\t<\/div>\n\t\t\t\t<\/div>\n\t\t<div class=\"elementor-element elementor-element-a38f6c7 e-con-full e-flex e-con e-child\" data-id=\"a38f6c7\" data-element_type=\"container\">\n\t\t\t\t<div class=\"elementor-element elementor-element-ea56e20 elementor-widget elementor-widget-text-editor\" data-id=\"ea56e20\" data-element_type=\"widget\" data-widget_type=\"text-editor.default\">\n\t\t\t\t<div class=\"elementor-widget-container\">\n\t\t\t\t\t\t\t\t\t<div>Para conocer m\u00e1s sobre las candidaturas de su estamento, ingrese a:<\/div><div><p data-start=\"384\" data-end=\"566\">En este sitio, encontrar\u00e1 informaci\u00f3n completa sobre las y los candidatos, sus antecedentes y los objetivos que buscan impulsar en el Consejo Local de Participaci\u00f3n Escolar (CLEP).<\/p><p data-start=\"568\" data-end=\"785\">Adem\u00e1s, para complementar esta informaci\u00f3n, les compartimos una <strong data-start=\"632\" data-end=\"697\">infograf\u00eda con las y los candidatos del estamento ESTUDIANTES<\/strong>, que resume de manera clara y visual qui\u00e9nes son los participantes y qu\u00e9 representan.<\/p><\/div><div>\u00a0<\/div><div><span style=\"color: #0000ff;\"><a style=\"color: #0000ff;\" href=\"https:\/\/slepsantarosa.gob.cl\/participacion\/consejo-local\/\" target=\"_blank\" rel=\"noopener\" data-saferedirecturl=\"https:\/\/www.google.com\/url?q=https:\/\/slepsantarosa.gob.cl\/participacion\/consejo-local\/&amp;source=gmail&amp;ust=1759847560731000&amp;usg=AOvVaw1re4eCcuvJrsX27ZyNPy1I\">https:\/\/slepsantarosa.gob.<wbr \/>cl\/participacion\/consejo-<wbr \/>local\/<\/a><\/span><\/div><div>\u00a0<\/div><div>A continuaci\u00f3n, les brindamos una infograf\u00eda con las y los candidatos para el estamento de ESTUDIANTES. Adem\u00e1s, le compartimos el siguiente enlace donde podr\u00e1 revisar el debate y presentaci\u00f3n de propuestas de las candidaturas:<\/div><div>\u00a0<\/div><div><span style=\"color: #0000ff;\"><a style=\"color: #0000ff;\" href=\"https:\/\/www.youtube.com\/watch?v=DiKJ-sd2AEoz\" target=\"_blank\" rel=\"noopener\" data-saferedirecturl=\"https:\/\/www.google.com\/url?q=https:\/\/www.youtube.com\/watch?v%3DDiKJ-sd2AEoz&amp;source=gmail&amp;ust=1759847560731000&amp;usg=AOvVaw1DOLPSPwPMjDBNw-L4JTr7\">https:\/\/www.<wbr \/>youtube.com\/watch?v=DiKJ-<wbr \/>sd2AEoz<\/a><\/span><\/div><p>\u00a0<\/p><p>Es fundamental que toda la comunidad educativa est\u00e9 informada y participe activamente en este proceso democr\u00e1tico, que busca fortalecer la voz de cada estamento dentro de nuestra escuela.<\/p><p>\u00a0<\/p><div>\u00a0<\/div><p style=\"text-align: right;\"><strong>Comunicaciones Escuela Llano Subercaseaux 2025<\/strong><\/p>\t\t\t\t\t\t\t\t<\/div>\n\t\t\t\t<\/div>\n\t\t\t\t<\/div>\n\t\t\t\t\t<\/div>\n\t\t\t\t<\/div>\n\t\t\t\t<\/div>\n\t\t","protected":false},"excerpt":{"rendered":"<p>\ud83d\uddf3\ufe0f Elecciones Consejo Local de Educaci\u00f3n P\u00fablica (CLEP) Estimada Comunidad Educativa: Les informamos que se encuentran en desarrollo las Elecciones del Consejo Local de Educaci\u00f3n P\u00fablica (CLEP), instancia democr\u00e1tica de participaci\u00f3n ciudadana creada por la Ley N.\u00b0 21.040, que busca fortalecer la voz de cada comunidad educativa dentro del Sistema de Educaci\u00f3n P\u00fablica. El CLEP [&hellip;]<\/p>\n","protected":false},"author":1,"featured_media":3437,"comment_status":"closed","ping_status":"open","sticky":false,"template":"","format":"standard","meta":{"footnotes":""},"categories":[8],"tags":[],"class_list":["post-3434","post","type-post","status-publish","format-standard","has-post-thumbnail","hentry","category-noticias"],"_links":{"self":[{"href":"https:\/\/escuelallanosubercaseaux.cl\/index.php?rest_route=\/wp\/v2\/posts\/3434","targetHints":{"allow":["GET"]}}],"collection":[{"href":"https:\/\/escuelallanosubercaseaux.cl\/index.php?rest_route=\/wp\/v2\/posts"}],"about":[{"href":"https:\/\/escuelallanosubercaseaux.cl\/index.php?rest_route=\/wp\/v2\/types\/post"}],"author":[{"embeddable":true,"href":"https:\/\/escuelallanosubercaseaux.cl\/index.php?rest_route=\/wp\/v2\/users\/1"}],"replies":[{"embeddable":true,"href":"https:\/\/escuelallanosubercaseaux.cl\/index.php?rest_route=%2Fwp%2Fv2%2Fcomments&post=3434"}],"version-history":[{"count":217,"href":"https:\/\/escuelallanosubercaseaux.cl\/index.php?rest_route=\/wp\/v2\/posts\/3434\/revisions"}],"predecessor-version":[{"id":3687,"href":"https:\/\/escuelallanosubercaseaux.cl\/index.php?rest_route=\/wp\/v2\/posts\/3434\/revisions\/3687"}],"wp:featuredmedia":[{"embeddable":true,"href":"https:\/\/escuelallanosubercaseaux.cl\/index.php?rest_route=\/wp\/v2\/media\/3437"}],"wp:attachment":[{"href":"https:\/\/escuelallanosubercaseaux.cl\/index.php?rest_route=%2Fwp%2Fv2%2Fmedia&parent=3434"}],"wp:term":[{"taxonomy":"category","embeddable":true,"href":"https:\/\/escuelallanosubercaseaux.cl\/index.php?rest_route=%2Fwp%2Fv2%2Fcategories&post=3434"},{"taxonomy":"post_tag","embeddable":true,"href":"https:\/\/escuelallanosubercaseaux.cl\/index.php?rest_route=%2Fwp%2Fv2%2Ftags&post=3434"}],"curies":[{"name":"wp","href":"https:\/\/api.w.org\/{rel}","templated":true}]}}