{"id":4404,"date":"2025-10-29T17:19:11","date_gmt":"2025-10-29T17:19:11","guid":{"rendered":"https:\/\/escuelallanosubercaseaux.cl\/?p=4404"},"modified":"2025-10-29T17:44:22","modified_gmt":"2025-10-29T17:44:22","slug":"inicio-ano-academico-2024-3-2-2-2-2-2-2-2-2-2-2-2-2-2-2-2-2-2-2-2-2-2-2-2-2-2-2-2-2-2-2-2-2-2-2-2-2-2-2-2-2-2-2-2","status":"publish","type":"post","link":"https:\/\/escuelallanosubercaseaux.cl\/?p=4404","title":{"rendered":"Revive la emoci\u00f3n de nuestra Gala Folcl\u00f3rica 2025"},"content":{"rendered":"\t\t<div data-elementor-type=\"wp-post\" data-elementor-id=\"4404\" class=\"elementor elementor-4404\" data-elementor-post-type=\"post\">\n\t\t\t\t<div class=\"elementor-element elementor-element-6ba8b31 e-flex e-con-boxed e-con e-parent\" data-id=\"6ba8b31\" data-element_type=\"container\">\n\t\t\t\t\t<div class=\"e-con-inner\">\n\t\t\t\t<div class=\"elementor-element elementor-element-a333ba8 elementor-widget elementor-widget-heading\" data-id=\"a333ba8\" data-element_type=\"widget\" data-widget_type=\"heading.default\">\n\t\t\t\t<div class=\"elementor-widget-container\">\n\t\t\t\t\t<h2 class=\"elementor-heading-title elementor-size-default\">Revive los mejores momentos de nuestra Gala Folcl\u00f3rica<\/h2>\t\t\t\t<\/div>\n\t\t\t\t<\/div>\n\t\t\t\t\t<\/div>\n\t\t\t\t<\/div>\n\t\t<div class=\"elementor-element elementor-element-0b3c96d e-flex e-con-boxed e-con e-parent\" data-id=\"0b3c96d\" data-element_type=\"container\">\n\t\t\t\t\t<div class=\"e-con-inner\">\n\t\t\t\t<div class=\"elementor-element elementor-element-7be5aa8 elementor-widget elementor-widget-spacer\" data-id=\"7be5aa8\" data-element_type=\"widget\" data-widget_type=\"spacer.default\">\n\t\t\t\t<div class=\"elementor-widget-container\">\n\t\t\t\t\t\t\t<div class=\"elementor-spacer\">\n\t\t\t<div class=\"elementor-spacer-inner\"><\/div>\n\t\t<\/div>\n\t\t\t\t\t\t<\/div>\n\t\t\t\t<\/div>\n\t\t\t\t\t<\/div>\n\t\t\t\t<\/div>\n\t\t<div class=\"elementor-element elementor-element-57e7a87 e-flex e-con-boxed e-con e-parent\" data-id=\"57e7a87\" data-element_type=\"container\">\n\t\t\t\t\t<div class=\"e-con-inner\">\n\t\t\t\t<div class=\"elementor-element elementor-element-cbbcb7c elementor-widget elementor-widget-text-editor\" data-id=\"cbbcb7c\" data-element_type=\"widget\" data-widget_type=\"text-editor.default\">\n\t\t\t\t<div class=\"elementor-widget-container\">\n\t\t\t\t\t\t\t\t\t<p data-start=\"204\" data-end=\"404\">Nuestra escuela se llen\u00f3 de m\u00fasica, danza y tradici\u00f3n en la <strong data-start=\"264\" data-end=\"288\">Gala Folcl\u00f3rica 2025<\/strong>, una jornada donde nuestros estudiantes demostraron todo su talento y amor por nuestras ra\u00edces culturales.<\/p><p data-start=\"406\" data-end=\"739\">En este video resumen, podr\u00e1s disfrutar de los momentos m\u00e1s destacados de la gala: desde las coloridas presentaciones de los cursos, hasta la emoci\u00f3n y alegr\u00eda de cada participante en el escenario. Fue una celebraci\u00f3n que uni\u00f3 a nuestra comunidad escolar en torno a la <strong data-start=\"675\" data-end=\"736\">diversidad cultural y el orgullo por nuestras tradiciones<\/strong>.<\/p><p data-start=\"741\" data-end=\"891\">\u00a1No te pierdas este recorrido lleno de energ\u00eda, m\u00fasica y folclor que nos recuerda lo importante que es mantener viva nuestra identidad cultural!\u00a0<\/p><p data-start=\"1091\" data-end=\"1141\">\u00a0<\/p><p style=\"text-align: right;\" data-start=\"1091\" data-end=\"1141\">Comunicaciones Escuela Llano Subercaseaux 2025<\/p>\t\t\t\t\t\t\t\t<\/div>\n\t\t\t\t<\/div>\n\t\t\t\t\t<\/div>\n\t\t\t\t<\/div>\n\t\t<div class=\"elementor-element elementor-element-c79c747 e-flex e-con-boxed e-con e-parent\" data-id=\"c79c747\" data-element_type=\"container\">\n\t\t\t\t\t<div class=\"e-con-inner\">\n\t\t\t\t<div class=\"elementor-element elementor-element-4bc973d elementor-widget elementor-widget-heading\" data-id=\"4bc973d\" data-element_type=\"widget\" data-widget_type=\"heading.default\">\n\t\t\t\t<div class=\"elementor-widget-container\">\n\t\t\t\t\t<h4 class=\"elementor-heading-title elementor-size-default\">El orgullo por nuestras tradiciones.<\/h4>\t\t\t\t<\/div>\n\t\t\t\t<\/div>\n\t\t\t\t\t<\/div>\n\t\t\t\t<\/div>\n\t\t<div class=\"elementor-element elementor-element-f9bd26a e-grid e-con-boxed e-con e-parent\" data-id=\"f9bd26a\" data-element_type=\"container\">\n\t\t\t\t\t<div class=\"e-con-inner\">\n\t\t\t\t<div class=\"elementor-element elementor-element-52e2e20 elementor-widget elementor-widget-image\" data-id=\"52e2e20\" data-element_type=\"widget\" data-widget_type=\"image.default\">\n\t\t\t\t<div class=\"elementor-widget-container\">\n\t\t\t\t\t\t\t\t\t\t\t\t\t\t\t\t<a href=\"https:\/\/drive.google.com\/file\/d\/1checwDA34POiaM-LXcZr80oTU-_S9vHT\/view?usp=sharing\">\n\t\t\t\t\t\t\t<img fetchpriority=\"high\" decoding=\"async\" width=\"800\" height=\"451\" src=\"https:\/\/escuelallanosubercaseaux.cl\/wp-content\/uploads\/2025\/10\/Resumen-Gala-00.jpg\" class=\"attachment-large size-large wp-image-4407\" alt=\"\" srcset=\"https:\/\/escuelallanosubercaseaux.cl\/wp-content\/uploads\/2025\/10\/Resumen-Gala-00.jpg 980w, https:\/\/escuelallanosubercaseaux.cl\/wp-content\/uploads\/2025\/10\/Resumen-Gala-00-300x169.jpg 300w, https:\/\/escuelallanosubercaseaux.cl\/wp-content\/uploads\/2025\/10\/Resumen-Gala-00-768x433.jpg 768w\" sizes=\"(max-width: 800px) 100vw, 800px\" \/>\t\t\t\t\t\t\t\t<\/a>\n\t\t\t\t\t\t\t\t\t\t\t\t\t\t\t<\/div>\n\t\t\t\t<\/div>\n\t\t\t\t<div class=\"elementor-element elementor-element-a520bbd elementor-widget elementor-widget-text-editor\" data-id=\"a520bbd\" data-element_type=\"widget\" data-widget_type=\"text-editor.default\">\n\t\t\t\t<div class=\"elementor-widget-container\">\n\t\t\t\t\t\t\t\t\t<p data-start=\"186\" data-end=\"435\"><strong>Celebrando nuestras ra\u00edces:<\/strong><\/p><p data-start=\"186\" data-end=\"435\">En el presente video podemos ver un momento lleno de alegr\u00eda y color de nuestra <strong data-start=\"260\" data-end=\"284\">Gala Folcl\u00f3rica 2025<\/strong>, donde nuestros estudiantes demostraron su talento en m\u00fasica y danza, compartiendo con la comunidad escolar la riqueza de nuestras tradiciones.<\/p><p data-start=\"437\" data-end=\"666\">Cada presentaci\u00f3n reflej\u00f3 el esfuerzo, la dedicaci\u00f3n y el entusiasmo de nuestros estudiantes y docentes, transformando la gala en una experiencia \u00fanica que celebra <strong data-start=\"601\" data-end=\"659\">la identidad cultural y el esp\u00edritu de nuestra escuela<\/strong>.<\/p>\t\t\t\t\t\t\t\t<\/div>\n\t\t\t\t<\/div>\n\t\t\t\t\t<\/div>\n\t\t\t\t<\/div>\n\t\t<div class=\"elementor-element elementor-element-b1cd62a e-flex e-con-boxed e-con e-parent\" data-id=\"b1cd62a\" data-element_type=\"container\">\n\t\t\t\t\t<div class=\"e-con-inner\">\n\t\t<div class=\"elementor-element elementor-element-fb3ce98 e-con-full e-flex e-con e-child\" data-id=\"fb3ce98\" data-element_type=\"container\">\n\t\t\t\t<\/div>\n\t\t<div class=\"elementor-element elementor-element-49b2cc0 e-con-full e-flex e-con e-child\" data-id=\"49b2cc0\" data-element_type=\"container\">\n\t\t\t\t<\/div>\n\t\t\t\t\t<\/div>\n\t\t\t\t<\/div>\n\t\t\t\t<\/div>\n\t\t","protected":false},"excerpt":{"rendered":"<p>Revive los mejores momentos de nuestra Gala Folcl\u00f3rica Nuestra escuela se llen\u00f3 de m\u00fasica, danza y tradici\u00f3n en la Gala Folcl\u00f3rica 2025, una jornada donde nuestros estudiantes demostraron todo su talento y amor por nuestras ra\u00edces culturales. En este video resumen, podr\u00e1s disfrutar de los momentos m\u00e1s destacados de la gala: desde las coloridas presentaciones [&hellip;]<\/p>\n","protected":false},"author":1,"featured_media":3826,"comment_status":"closed","ping_status":"open","sticky":false,"template":"","format":"standard","meta":{"footnotes":""},"categories":[8],"tags":[],"class_list":["post-4404","post","type-post","status-publish","format-standard","has-post-thumbnail","hentry","category-noticias"],"_links":{"self":[{"href":"https:\/\/escuelallanosubercaseaux.cl\/index.php?rest_route=\/wp\/v2\/posts\/4404","targetHints":{"allow":["GET"]}}],"collection":[{"href":"https:\/\/escuelallanosubercaseaux.cl\/index.php?rest_route=\/wp\/v2\/posts"}],"about":[{"href":"https:\/\/escuelallanosubercaseaux.cl\/index.php?rest_route=\/wp\/v2\/types\/post"}],"author":[{"embeddable":true,"href":"https:\/\/escuelallanosubercaseaux.cl\/index.php?rest_route=\/wp\/v2\/users\/1"}],"replies":[{"embeddable":true,"href":"https:\/\/escuelallanosubercaseaux.cl\/index.php?rest_route=%2Fwp%2Fv2%2Fcomments&post=4404"}],"version-history":[{"count":23,"href":"https:\/\/escuelallanosubercaseaux.cl\/index.php?rest_route=\/wp\/v2\/posts\/4404\/revisions"}],"predecessor-version":[{"id":4429,"href":"https:\/\/escuelallanosubercaseaux.cl\/index.php?rest_route=\/wp\/v2\/posts\/4404\/revisions\/4429"}],"wp:featuredmedia":[{"embeddable":true,"href":"https:\/\/escuelallanosubercaseaux.cl\/index.php?rest_route=\/wp\/v2\/media\/3826"}],"wp:attachment":[{"href":"https:\/\/escuelallanosubercaseaux.cl\/index.php?rest_route=%2Fwp%2Fv2%2Fmedia&parent=4404"}],"wp:term":[{"taxonomy":"category","embeddable":true,"href":"https:\/\/escuelallanosubercaseaux.cl\/index.php?rest_route=%2Fwp%2Fv2%2Fcategories&post=4404"},{"taxonomy":"post_tag","embeddable":true,"href":"https:\/\/escuelallanosubercaseaux.cl\/index.php?rest_route=%2Fwp%2Fv2%2Ftags&post=4404"}],"curies":[{"name":"wp","href":"https:\/\/api.w.org\/{rel}","templated":true}]}}