{"id":4678,"date":"2025-11-11T16:21:55","date_gmt":"2025-11-11T16:21:55","guid":{"rendered":"https:\/\/escuelallanosubercaseaux.cl\/?p=4678"},"modified":"2025-11-11T16:32:06","modified_gmt":"2025-11-11T16:32:06","slug":"inicio-ano-academico-2024-3-2-2-2-2-2-2-2-2-2-2-2-2-2-2-2-2-2-2-2-2-2-2-2-2-2-2-2-2-2-2-2-2-2-2-2-2-2-2-2-2-2-2-2-2-2-2-2","status":"publish","type":"post","link":"https:\/\/escuelallanosubercaseaux.cl\/?p=4678","title":{"rendered":"\ud83d\udc96 D\u00eda de la Familia en Nuestra Escuela"},"content":{"rendered":"\t\t<div data-elementor-type=\"wp-post\" data-elementor-id=\"4678\" class=\"elementor elementor-4678\" data-elementor-post-type=\"post\">\n\t\t\t\t<div class=\"elementor-element elementor-element-6ba8b31 e-flex e-con-boxed e-con e-parent\" data-id=\"6ba8b31\" data-element_type=\"container\">\n\t\t\t\t\t<div class=\"e-con-inner\">\n\t\t\t\t<div class=\"elementor-element elementor-element-a333ba8 elementor-widget elementor-widget-heading\" data-id=\"a333ba8\" data-element_type=\"widget\" data-widget_type=\"heading.default\">\n\t\t\t\t<div class=\"elementor-widget-container\">\n\t\t\t\t\t<h2 class=\"elementor-heading-title elementor-size-default\">\ud83d\udc96 D\u00eda de la Familia en la Escuela Llano Subercaseaux<\/h2>\t\t\t\t<\/div>\n\t\t\t\t<\/div>\n\t\t\t\t\t<\/div>\n\t\t\t\t<\/div>\n\t\t<div class=\"elementor-element elementor-element-0b3c96d e-flex e-con-boxed e-con e-parent\" data-id=\"0b3c96d\" data-element_type=\"container\">\n\t\t\t\t\t<div class=\"e-con-inner\">\n\t\t\t\t<div class=\"elementor-element elementor-element-7be5aa8 elementor-widget elementor-widget-spacer\" data-id=\"7be5aa8\" data-element_type=\"widget\" data-widget_type=\"spacer.default\">\n\t\t\t\t<div class=\"elementor-widget-container\">\n\t\t\t\t\t\t\t<div class=\"elementor-spacer\">\n\t\t\t<div class=\"elementor-spacer-inner\"><\/div>\n\t\t<\/div>\n\t\t\t\t\t\t<\/div>\n\t\t\t\t<\/div>\n\t\t\t\t\t<\/div>\n\t\t\t\t<\/div>\n\t\t<div class=\"elementor-element elementor-element-57e7a87 e-flex e-con-boxed e-con e-parent\" data-id=\"57e7a87\" data-element_type=\"container\">\n\t\t\t\t\t<div class=\"e-con-inner\">\n\t\t\t\t<div class=\"elementor-element elementor-element-cbbcb7c elementor-widget elementor-widget-text-editor\" data-id=\"cbbcb7c\" data-element_type=\"widget\" data-widget_type=\"text-editor.default\">\n\t\t\t\t<div class=\"elementor-widget-container\">\n\t\t\t\t\t\t\t\t\t<p data-start=\"316\" data-end=\"521\">El pasado <strong data-start=\"326\" data-end=\"351\">s\u00e1bado 8 de noviembre<\/strong> vivimos una jornada inolvidable en nuestra escuela con la celebraci\u00f3n del <strong data-start=\"426\" data-end=\"447\">D\u00eda de la Familia<\/strong>, una actividad llena de alegr\u00eda, entusiasmo y uni\u00f3n.<\/p><p data-start=\"523\" data-end=\"841\">Desde muy temprano, familias completas participaron en la <strong data-start=\"581\" data-end=\"601\">corrida familiar<\/strong>, disfrutando del deporte y la vida saludable en un ambiente de compa\u00f1erismo y diversi\u00f3n. Tambi\u00e9n hubo <strong data-start=\"704\" data-end=\"773\">juegos, actividades recreativas, m\u00fasica y espacios de convivencia<\/strong>, donde la risa y el cari\u00f1o fueron los grandes protagonistas. \ud83c\udfb6<\/p><p data-start=\"843\" data-end=\"1282\">Durante la jornada se realiz\u00f3 adem\u00e1s una <strong data-start=\"884\" data-end=\"911\">ceremonia de premiaci\u00f3n<\/strong> en la que reconocimos a nuestros <strong data-start=\"945\" data-end=\"971\">estudiantes destacados<\/strong>, tanto por su <strong data-start=\"986\" data-end=\"1019\">participaci\u00f3n en los talleres<\/strong> de <strong data-start=\"1023\" data-end=\"1062\">deporte, m\u00fasica y otras disciplinas<\/strong>, como tambi\u00e9n a quienes fueron elegidos como <strong data-start=\"1108\" data-end=\"1130\">mejores compa\u00f1eros<\/strong> por cada curso. \ud83c\udfc5<br data-start=\"1150\" data-end=\"1153\" \/>Estos reconocimientos reflejan el compromiso, el talento y los valores que promovemos d\u00eda a d\u00eda en nuestra comunidad educativa.<\/p><p data-start=\"1284\" data-end=\"1553\">Esta hermosa celebraci\u00f3n fue el <strong data-start=\"1316\" data-end=\"1333\">broche de oro<\/strong> de nuestra <strong data-start=\"1345\" data-end=\"1369\">Semana de la Familia<\/strong>, una instancia que durante varios d\u00edas nos invit\u00f3 a reflexionar y compartir en torno a la importancia de fortalecer los lazos familiares y comunitarios dentro de nuestra escuela.<\/p><p data-start=\"1555\" data-end=\"1746\">Agradecemos profundamente la participaci\u00f3n y entusiasmo de cada familia que se hizo presente, demostrando que juntos seguimos construyendo una <strong data-start=\"1698\" data-end=\"1740\">comunidad unida, alegre y comprometida<\/strong>.\u00a0<\/p><p data-start=\"1748\" data-end=\"1850\">\ud83d\udcf8 Los invitamos a revivir los mejores momentos de este d\u00eda tan especial en las siguientes im\u00e1genes.<\/p><p data-start=\"1091\" data-end=\"1141\">\u00a0<\/p><p style=\"text-align: right;\" data-start=\"1091\" data-end=\"1141\">Comunicaciones Escuela Llano Subercaseaux 2025<\/p>\t\t\t\t\t\t\t\t<\/div>\n\t\t\t\t<\/div>\n\t\t\t\t\t<\/div>\n\t\t\t\t<\/div>\n\t\t<div class=\"elementor-element elementor-element-b1cd62a e-flex e-con-boxed e-con e-parent\" data-id=\"b1cd62a\" data-element_type=\"container\">\n\t\t\t\t\t<div class=\"e-con-inner\">\n\t\t<div class=\"elementor-element elementor-element-fb3ce98 e-con-full e-flex e-con e-child\" data-id=\"fb3ce98\" data-element_type=\"container\">\n\t\t\t\t<\/div>\n\t\t<div class=\"elementor-element elementor-element-49b2cc0 e-con-full e-flex e-con e-child\" data-id=\"49b2cc0\" data-element_type=\"container\">\n\t\t\t\t<\/div>\n\t\t\t\t\t<\/div>\n\t\t\t\t<\/div>\n\t\t<div class=\"elementor-element elementor-element-85ff895 e-flex e-con-boxed e-con e-parent\" data-id=\"85ff895\" data-element_type=\"container\">\n\t\t\t\t\t<div class=\"e-con-inner\">\n\t\t\t\t<div class=\"elementor-element elementor-element-b9e2ebb elementor-widget elementor-widget-heading\" data-id=\"b9e2ebb\" data-element_type=\"widget\" data-widget_type=\"heading.default\">\n\t\t\t\t<div class=\"elementor-widget-container\">\n\t\t\t\t\t<h2 class=\"elementor-heading-title elementor-size-default\">El broche de oro de nuestra \"Semana de la Familia\"<\/h2>\t\t\t\t<\/div>\n\t\t\t\t<\/div>\n\t\t\t\t\t<\/div>\n\t\t\t\t<\/div>\n\t\t<div class=\"elementor-element elementor-element-1fab63e e-flex e-con-boxed e-con e-child\" data-id=\"1fab63e\" data-element_type=\"container\">\n\t\t\t\t\t<div class=\"e-con-inner\">\n\t\t\t\t<div class=\"elementor-element elementor-element-7138447 elementor-skin-slideshow elementor-arrows-yes elementor-widget elementor-widget-media-carousel\" data-id=\"7138447\" data-element_type=\"widget\" data-settings=\"{&quot;space_between&quot;:{&quot;unit&quot;:&quot;px&quot;,&quot;size&quot;:25,&quot;sizes&quot;:[]},&quot;skin&quot;:&quot;slideshow&quot;,&quot;effect&quot;:&quot;slide&quot;,&quot;show_arrows&quot;:&quot;yes&quot;,&quot;speed&quot;:500,&quot;autoplay&quot;:&quot;yes&quot;,&quot;autoplay_speed&quot;:5000,&quot;loop&quot;:&quot;yes&quot;,&quot;pause_on_hover&quot;:&quot;yes&quot;,&quot;pause_on_interaction&quot;:&quot;yes&quot;,&quot;space_between_tablet&quot;:{&quot;unit&quot;:&quot;px&quot;,&quot;size&quot;:10,&quot;sizes&quot;:[]},&quot;space_between_mobile&quot;:{&quot;unit&quot;:&quot;px&quot;,&quot;size&quot;:10,&quot;sizes&quot;:[]}}\" data-widget_type=\"media-carousel.default\">\n\t\t\t\t<div class=\"elementor-widget-container\">\n\t\t\t\t\t\t\t\t\t<div class=\"elementor-swiper\">\n\t\t\t\t\t<div class=\"elementor-main-swiper swiper\" role=\"region\" aria-roledescription=\"carousel\" aria-label=\"Slides\">\n\t\t\t\t<div class=\"swiper-wrapper\">\n\t\t\t\t\t\t\t\t\t\t\t<div class=\"swiper-slide\" role=\"group\" aria-roledescription=\"slide\">\n\t\t\t\t\t\t\t\t\t<div class=\"elementor-carousel-image\" role=\"img\" aria-label=\"D\u00eda de la Familia - 21\" style=\"background-image: url(&#039;https:\/\/escuelallanosubercaseaux.cl\/wp-content\/uploads\/2025\/11\/Dia-de-la-Familia-21.jpeg&#039;)\">\n\n\t\t\t\n\t\t\t\t\t<\/div>\n\t\t\t\t\t\t\t\t<\/div>\n\t\t\t\t\t\t\t\t\t\t\t<div class=\"swiper-slide\" role=\"group\" aria-roledescription=\"slide\">\n\t\t\t\t\t\t\t\t\t<div class=\"elementor-carousel-image\" role=\"img\" aria-label=\"D\u00eda de la Familia - 22\" style=\"background-image: url(&#039;https:\/\/escuelallanosubercaseaux.cl\/wp-content\/uploads\/2025\/11\/Dia-de-la-Familia-22.jpeg&#039;)\">\n\n\t\t\t\n\t\t\t\t\t<\/div>\n\t\t\t\t\t\t\t\t<\/div>\n\t\t\t\t\t\t\t\t\t\t\t<div class=\"swiper-slide\" role=\"group\" aria-roledescription=\"slide\">\n\t\t\t\t\t\t\t\t\t<div class=\"elementor-carousel-image\" role=\"img\" aria-label=\"D\u00eda de la Familia - 23\" style=\"background-image: url(&#039;https:\/\/escuelallanosubercaseaux.cl\/wp-content\/uploads\/2025\/11\/Dia-de-la-Familia-23.jpeg&#039;)\">\n\n\t\t\t\n\t\t\t\t\t<\/div>\n\t\t\t\t\t\t\t\t<\/div>\n\t\t\t\t\t\t\t\t\t\t\t<div class=\"swiper-slide\" role=\"group\" aria-roledescription=\"slide\">\n\t\t\t\t\t\t\t\t\t<div class=\"elementor-carousel-image\" role=\"img\" aria-label=\"D\u00eda de la Familia - 24\" style=\"background-image: url(&#039;https:\/\/escuelallanosubercaseaux.cl\/wp-content\/uploads\/2025\/11\/Dia-de-la-Familia-24.jpeg&#039;)\">\n\n\t\t\t\n\t\t\t\t\t<\/div>\n\t\t\t\t\t\t\t\t<\/div>\n\t\t\t\t\t\t\t\t\t\t\t<div class=\"swiper-slide\" role=\"group\" aria-roledescription=\"slide\">\n\t\t\t\t\t\t\t\t\t<div class=\"elementor-carousel-image\" role=\"img\" aria-label=\"D\u00eda de la Familia - 25\" style=\"background-image: url(&#039;https:\/\/escuelallanosubercaseaux.cl\/wp-content\/uploads\/2025\/11\/Dia-de-la-Familia-25.jpeg&#039;)\">\n\n\t\t\t\n\t\t\t\t\t<\/div>\n\t\t\t\t\t\t\t\t<\/div>\n\t\t\t\t\t\t\t\t\t\t\t<div class=\"swiper-slide\" role=\"group\" aria-roledescription=\"slide\">\n\t\t\t\t\t\t\t\t\t<div class=\"elementor-carousel-image\" role=\"img\" aria-label=\"D\u00eda de la Familia - 26\" style=\"background-image: url(&#039;https:\/\/escuelallanosubercaseaux.cl\/wp-content\/uploads\/2025\/11\/Dia-de-la-Familia-26.jpeg&#039;)\">\n\n\t\t\t\n\t\t\t\t\t<\/div>\n\t\t\t\t\t\t\t\t<\/div>\n\t\t\t\t\t\t\t\t\t\t\t<div class=\"swiper-slide\" role=\"group\" aria-roledescription=\"slide\">\n\t\t\t\t\t\t\t\t\t<div class=\"elementor-carousel-image\" role=\"img\" aria-label=\"D\u00eda de la Familia - 27\" style=\"background-image: url(&#039;https:\/\/escuelallanosubercaseaux.cl\/wp-content\/uploads\/2025\/11\/Dia-de-la-Familia-27-1.jpeg&#039;)\">\n\n\t\t\t\n\t\t\t\t\t<\/div>\n\t\t\t\t\t\t\t\t<\/div>\n\t\t\t\t\t\t\t\t\t\t\t<div class=\"swiper-slide\" role=\"group\" aria-roledescription=\"slide\">\n\t\t\t\t\t\t\t\t\t<div class=\"elementor-carousel-image\" role=\"img\" aria-label=\"D\u00eda de la Familia - 28\" style=\"background-image: url(&#039;https:\/\/escuelallanosubercaseaux.cl\/wp-content\/uploads\/2025\/11\/Dia-de-la-Familia-28.jpeg&#039;)\">\n\n\t\t\t\n\t\t\t\t\t<\/div>\n\t\t\t\t\t\t\t\t<\/div>\n\t\t\t\t\t\t\t\t\t\t\t<div class=\"swiper-slide\" role=\"group\" aria-roledescription=\"slide\">\n\t\t\t\t\t\t\t\t\t<div class=\"elementor-carousel-image\" role=\"img\" aria-label=\"D\u00eda de la Familia - 29\" style=\"background-image: url(&#039;https:\/\/escuelallanosubercaseaux.cl\/wp-content\/uploads\/2025\/11\/Dia-de-la-Familia-29.jpeg&#039;)\">\n\n\t\t\t\n\t\t\t\t\t<\/div>\n\t\t\t\t\t\t\t\t<\/div>\n\t\t\t\t\t\t\t\t\t\t\t<div class=\"swiper-slide\" role=\"group\" aria-roledescription=\"slide\">\n\t\t\t\t\t\t\t\t\t<div class=\"elementor-carousel-image\" role=\"img\" aria-label=\"D\u00eda de la Familia - 30\" style=\"background-image: url(&#039;https:\/\/escuelallanosubercaseaux.cl\/wp-content\/uploads\/2025\/11\/Dia-de-la-Familia-30.jpeg&#039;)\">\n\n\t\t\t\n\t\t\t\t\t<\/div>\n\t\t\t\t\t\t\t\t<\/div>\n\t\t\t\t\t\t\t\t\t<\/div>\n\t\t\t\t\t\t\t\t\t\t\t\t\t\t\t<div class=\"elementor-swiper-button elementor-swiper-button-prev\" role=\"button\" tabindex=\"0\" aria-label=\"Previous\">\n\t\t\t\t\t\t\t<svg aria-hidden=\"true\" class=\"e-font-icon-svg e-eicon-chevron-left\" viewBox=\"0 0 1000 1000\" xmlns=\"http:\/\/www.w3.org\/2000\/svg\"><path d=\"M646 125C629 125 613 133 604 142L308 442C296 454 292 471 292 487 292 504 296 521 308 533L604 854C617 867 629 875 646 875 663 875 679 871 692 858 704 846 713 829 713 812 713 796 708 779 692 767L438 487 692 225C700 217 708 204 708 187 708 171 704 154 692 142 675 129 663 125 646 125Z\"><\/path><\/svg>\t\t\t\t\t\t<\/div>\n\t\t\t\t\t\t<div class=\"elementor-swiper-button elementor-swiper-button-next\" role=\"button\" tabindex=\"0\" aria-label=\"Next\">\n\t\t\t\t\t\t\t<svg aria-hidden=\"true\" class=\"e-font-icon-svg e-eicon-chevron-right\" viewBox=\"0 0 1000 1000\" xmlns=\"http:\/\/www.w3.org\/2000\/svg\"><path d=\"M696 533C708 521 713 504 713 487 713 471 708 454 696 446L400 146C388 133 375 125 354 125 338 125 325 129 313 142 300 154 292 171 292 187 292 204 296 221 308 233L563 492 304 771C292 783 288 800 288 817 288 833 296 850 308 863 321 871 338 875 354 875 371 875 388 867 400 854L696 533Z\"><\/path><\/svg>\t\t\t\t\t\t<\/div>\n\t\t\t\t\t\t\t\t\t\t\t\t\t\t\t\t\t<\/div>\n\t\t\t\t<\/div>\n\t\t\t\t\t\t\t\t<div class=\"elementor-swiper\">\n\t\t\t\t\t<div class=\"elementor-main-swiper swiper elementor-thumbnails-swiper swiper\" role=\"region region\" aria-roledescription=\"carousel carousel\" aria-label=\"Slides Slides\">\n\t\t\t\t<div class=\"swiper-wrapper\">\n\t\t\t\t\t\t\t\t\t\t\t<div class=\"swiper-slide\" role=\"group\" aria-roledescription=\"slide\">\n\t\t\t\t\t\t\t\t\t<div class=\"elementor-carousel-image\" role=\"img\" aria-label=\"D\u00eda de la Familia - 21\" style=\"background-image: url(&#039;https:\/\/escuelallanosubercaseaux.cl\/wp-content\/uploads\/2025\/11\/Dia-de-la-Familia-21.jpeg&#039;)\">\n\n\t\t\t\n\t\t\t\t\t<\/div>\n\t\t\t\t\t\t\t\t<\/div>\n\t\t\t\t\t\t\t\t\t\t\t<div class=\"swiper-slide\" role=\"group\" aria-roledescription=\"slide\">\n\t\t\t\t\t\t\t\t\t<div class=\"elementor-carousel-image\" role=\"img\" aria-label=\"D\u00eda de la Familia - 22\" style=\"background-image: url(&#039;https:\/\/escuelallanosubercaseaux.cl\/wp-content\/uploads\/2025\/11\/Dia-de-la-Familia-22.jpeg&#039;)\">\n\n\t\t\t\n\t\t\t\t\t<\/div>\n\t\t\t\t\t\t\t\t<\/div>\n\t\t\t\t\t\t\t\t\t\t\t<div class=\"swiper-slide\" role=\"group\" aria-roledescription=\"slide\">\n\t\t\t\t\t\t\t\t\t<div class=\"elementor-carousel-image\" role=\"img\" aria-label=\"D\u00eda de la Familia - 23\" style=\"background-image: url(&#039;https:\/\/escuelallanosubercaseaux.cl\/wp-content\/uploads\/2025\/11\/Dia-de-la-Familia-23.jpeg&#039;)\">\n\n\t\t\t\n\t\t\t\t\t<\/div>\n\t\t\t\t\t\t\t\t<\/div>\n\t\t\t\t\t\t\t\t\t\t\t<div class=\"swiper-slide\" role=\"group\" aria-roledescription=\"slide\">\n\t\t\t\t\t\t\t\t\t<div class=\"elementor-carousel-image\" role=\"img\" aria-label=\"D\u00eda de la Familia - 24\" style=\"background-image: url(&#039;https:\/\/escuelallanosubercaseaux.cl\/wp-content\/uploads\/2025\/11\/Dia-de-la-Familia-24.jpeg&#039;)\">\n\n\t\t\t\n\t\t\t\t\t<\/div>\n\t\t\t\t\t\t\t\t<\/div>\n\t\t\t\t\t\t\t\t\t\t\t<div class=\"swiper-slide\" role=\"group\" aria-roledescription=\"slide\">\n\t\t\t\t\t\t\t\t\t<div class=\"elementor-carousel-image\" role=\"img\" aria-label=\"D\u00eda de la Familia - 25\" style=\"background-image: url(&#039;https:\/\/escuelallanosubercaseaux.cl\/wp-content\/uploads\/2025\/11\/Dia-de-la-Familia-25.jpeg&#039;)\">\n\n\t\t\t\n\t\t\t\t\t<\/div>\n\t\t\t\t\t\t\t\t<\/div>\n\t\t\t\t\t\t\t\t\t\t\t<div class=\"swiper-slide\" role=\"group\" aria-roledescription=\"slide\">\n\t\t\t\t\t\t\t\t\t<div class=\"elementor-carousel-image\" role=\"img\" aria-label=\"D\u00eda de la Familia - 26\" style=\"background-image: url(&#039;https:\/\/escuelallanosubercaseaux.cl\/wp-content\/uploads\/2025\/11\/Dia-de-la-Familia-26.jpeg&#039;)\">\n\n\t\t\t\n\t\t\t\t\t<\/div>\n\t\t\t\t\t\t\t\t<\/div>\n\t\t\t\t\t\t\t\t\t\t\t<div class=\"swiper-slide\" role=\"group\" aria-roledescription=\"slide\">\n\t\t\t\t\t\t\t\t\t<div class=\"elementor-carousel-image\" role=\"img\" aria-label=\"D\u00eda de la Familia - 27\" style=\"background-image: url(&#039;https:\/\/escuelallanosubercaseaux.cl\/wp-content\/uploads\/2025\/11\/Dia-de-la-Familia-27-1.jpeg&#039;)\">\n\n\t\t\t\n\t\t\t\t\t<\/div>\n\t\t\t\t\t\t\t\t<\/div>\n\t\t\t\t\t\t\t\t\t\t\t<div class=\"swiper-slide\" role=\"group\" aria-roledescription=\"slide\">\n\t\t\t\t\t\t\t\t\t<div class=\"elementor-carousel-image\" role=\"img\" aria-label=\"D\u00eda de la Familia - 28\" style=\"background-image: url(&#039;https:\/\/escuelallanosubercaseaux.cl\/wp-content\/uploads\/2025\/11\/Dia-de-la-Familia-28.jpeg&#039;)\">\n\n\t\t\t\n\t\t\t\t\t<\/div>\n\t\t\t\t\t\t\t\t<\/div>\n\t\t\t\t\t\t\t\t\t\t\t<div class=\"swiper-slide\" role=\"group\" aria-roledescription=\"slide\">\n\t\t\t\t\t\t\t\t\t<div class=\"elementor-carousel-image\" role=\"img\" aria-label=\"D\u00eda de la Familia - 29\" style=\"background-image: url(&#039;https:\/\/escuelallanosubercaseaux.cl\/wp-content\/uploads\/2025\/11\/Dia-de-la-Familia-29.jpeg&#039;)\">\n\n\t\t\t\n\t\t\t\t\t<\/div>\n\t\t\t\t\t\t\t\t<\/div>\n\t\t\t\t\t\t\t\t\t\t\t<div class=\"swiper-slide\" role=\"group\" aria-roledescription=\"slide\">\n\t\t\t\t\t\t\t\t\t<div class=\"elementor-carousel-image\" role=\"img\" aria-label=\"D\u00eda de la Familia - 30\" style=\"background-image: url(&#039;https:\/\/escuelallanosubercaseaux.cl\/wp-content\/uploads\/2025\/11\/Dia-de-la-Familia-30.jpeg&#039;)\">\n\n\t\t\t\n\t\t\t\t\t<\/div>\n\t\t\t\t\t\t\t\t<\/div>\n\t\t\t\t\t\t\t\t\t<\/div>\n\t\t\t\t\t\t\t\t\t\t\t\t\t\t\t\t\t\t\t\t\t<\/div>\n\t\t\t\t<\/div>\n\t\t\t\t\t\t\t\t<\/div>\n\t\t\t\t<\/div>\n\t\t\t\t\t<\/div>\n\t\t\t\t<\/div>\n\t\t<div class=\"elementor-element elementor-element-92c962b e-flex e-con-boxed e-con e-parent\" data-id=\"92c962b\" data-element_type=\"container\">\n\t\t\t\t\t<div class=\"e-con-inner\">\n\t\t<div class=\"elementor-element elementor-element-3ea82e2 e-con-full e-flex e-con e-child\" data-id=\"3ea82e2\" data-element_type=\"container\">\n\t\t\t\t<\/div>\n\t\t<div class=\"elementor-element elementor-element-ca15acc e-con-full e-flex e-con e-child\" data-id=\"ca15acc\" data-element_type=\"container\">\n\t\t\t\t<\/div>\n\t\t\t\t\t<\/div>\n\t\t\t\t<\/div>\n\t\t<div class=\"elementor-element elementor-element-36780d8 e-flex e-con-boxed e-con e-parent\" data-id=\"36780d8\" data-element_type=\"container\">\n\t\t\t\t\t<div class=\"e-con-inner\">\n\t\t\t\t<div class=\"elementor-element elementor-element-a4de32d elementor-skin-carousel elementor-arrows-yes elementor-pagination-type-bullets elementor-pagination-position-outside elementor-widget elementor-widget-media-carousel\" data-id=\"a4de32d\" data-element_type=\"widget\" data-settings=\"{&quot;skin&quot;:&quot;carousel&quot;,&quot;effect&quot;:&quot;slide&quot;,&quot;show_arrows&quot;:&quot;yes&quot;,&quot;pagination&quot;:&quot;bullets&quot;,&quot;speed&quot;:500,&quot;autoplay&quot;:&quot;yes&quot;,&quot;autoplay_speed&quot;:5000,&quot;loop&quot;:&quot;yes&quot;,&quot;pause_on_hover&quot;:&quot;yes&quot;,&quot;pause_on_interaction&quot;:&quot;yes&quot;,&quot;space_between&quot;:{&quot;unit&quot;:&quot;px&quot;,&quot;size&quot;:10,&quot;sizes&quot;:[]},&quot;space_between_tablet&quot;:{&quot;unit&quot;:&quot;px&quot;,&quot;size&quot;:10,&quot;sizes&quot;:[]},&quot;space_between_mobile&quot;:{&quot;unit&quot;:&quot;px&quot;,&quot;size&quot;:10,&quot;sizes&quot;:[]}}\" data-widget_type=\"media-carousel.default\">\n\t\t\t\t<div class=\"elementor-widget-container\">\n\t\t\t\t\t\t\t\t\t<div class=\"elementor-swiper\">\n\t\t\t\t\t<div class=\"elementor-main-swiper swiper\" role=\"region\" aria-roledescription=\"carousel\" aria-label=\"Slides\">\n\t\t\t\t<div class=\"swiper-wrapper\">\n\t\t\t\t\t\t\t\t\t\t\t<div class=\"swiper-slide\" role=\"group\" aria-roledescription=\"slide\">\n\t\t\t\t\t\t\t\t\t<div class=\"elementor-carousel-image\" role=\"img\" aria-label=\"D\u00eda de la Familia - 01\" style=\"background-image: url(&#039;https:\/\/escuelallanosubercaseaux.cl\/wp-content\/uploads\/2025\/11\/Dia-de-la-Familia-01.jpeg&#039;)\">\n\n\t\t\t\n\t\t\t\t\t<\/div>\n\t\t\t\t\t\t\t\t<\/div>\n\t\t\t\t\t\t\t\t\t\t\t<div class=\"swiper-slide\" role=\"group\" aria-roledescription=\"slide\">\n\t\t\t\t\t\t\t\t\t<div class=\"elementor-carousel-image\" role=\"img\" aria-label=\"D\u00eda de la Familia - 02\" style=\"background-image: url(&#039;https:\/\/escuelallanosubercaseaux.cl\/wp-content\/uploads\/2025\/11\/Dia-de-la-Familia-02.jpeg&#039;)\">\n\n\t\t\t\n\t\t\t\t\t<\/div>\n\t\t\t\t\t\t\t\t<\/div>\n\t\t\t\t\t\t\t\t\t\t\t<div class=\"swiper-slide\" role=\"group\" aria-roledescription=\"slide\">\n\t\t\t\t\t\t\t\t\t<div class=\"elementor-carousel-image\" role=\"img\" aria-label=\"D\u00eda de la Familia - 03\" style=\"background-image: url(&#039;https:\/\/escuelallanosubercaseaux.cl\/wp-content\/uploads\/2025\/11\/Dia-de-la-Familia-03.jpeg&#039;)\">\n\n\t\t\t\n\t\t\t\t\t<\/div>\n\t\t\t\t\t\t\t\t<\/div>\n\t\t\t\t\t\t\t\t\t\t\t<div class=\"swiper-slide\" role=\"group\" aria-roledescription=\"slide\">\n\t\t\t\t\t\t\t\t\t<div class=\"elementor-carousel-image\" role=\"img\" aria-label=\"D\u00eda de la Familia - 04\" style=\"background-image: url(&#039;https:\/\/escuelallanosubercaseaux.cl\/wp-content\/uploads\/2025\/11\/Dia-de-la-Familia-04.jpeg&#039;)\">\n\n\t\t\t\n\t\t\t\t\t<\/div>\n\t\t\t\t\t\t\t\t<\/div>\n\t\t\t\t\t\t\t\t\t\t\t<div class=\"swiper-slide\" role=\"group\" aria-roledescription=\"slide\">\n\t\t\t\t\t\t\t\t\t<div class=\"elementor-carousel-image\" role=\"img\" aria-label=\"D\u00eda de la Familia - 05\" style=\"background-image: url(&#039;https:\/\/escuelallanosubercaseaux.cl\/wp-content\/uploads\/2025\/11\/Dia-de-la-Familia-05.jpeg&#039;)\">\n\n\t\t\t\n\t\t\t\t\t<\/div>\n\t\t\t\t\t\t\t\t<\/div>\n\t\t\t\t\t\t\t\t\t\t\t<div class=\"swiper-slide\" role=\"group\" aria-roledescription=\"slide\">\n\t\t\t\t\t\t\t\t\t<div class=\"elementor-carousel-image\" role=\"img\" aria-label=\"D\u00eda de la Familia - 06\" style=\"background-image: url(&#039;https:\/\/escuelallanosubercaseaux.cl\/wp-content\/uploads\/2025\/11\/Dia-de-la-Familia-06.jpeg&#039;)\">\n\n\t\t\t\n\t\t\t\t\t<\/div>\n\t\t\t\t\t\t\t\t<\/div>\n\t\t\t\t\t\t\t\t\t\t\t<div class=\"swiper-slide\" role=\"group\" aria-roledescription=\"slide\">\n\t\t\t\t\t\t\t\t\t<div class=\"elementor-carousel-image\" role=\"img\" aria-label=\"D\u00eda de la Familia - 07\" style=\"background-image: url(&#039;https:\/\/escuelallanosubercaseaux.cl\/wp-content\/uploads\/2025\/11\/Dia-de-la-Familia-07.jpeg&#039;)\">\n\n\t\t\t\n\t\t\t\t\t<\/div>\n\t\t\t\t\t\t\t\t<\/div>\n\t\t\t\t\t\t\t\t\t\t\t<div class=\"swiper-slide\" role=\"group\" aria-roledescription=\"slide\">\n\t\t\t\t\t\t\t\t\t<div class=\"elementor-carousel-image\" role=\"img\" aria-label=\"D\u00eda de la Familia - 08\" style=\"background-image: url(&#039;https:\/\/escuelallanosubercaseaux.cl\/wp-content\/uploads\/2025\/11\/Dia-de-la-Familia-08-1.jpeg&#039;)\">\n\n\t\t\t\n\t\t\t\t\t<\/div>\n\t\t\t\t\t\t\t\t<\/div>\n\t\t\t\t\t\t\t\t\t\t\t<div class=\"swiper-slide\" role=\"group\" aria-roledescription=\"slide\">\n\t\t\t\t\t\t\t\t\t<div class=\"elementor-carousel-image\" role=\"img\" aria-label=\"D\u00eda de la Familia - 09\" style=\"background-image: url(&#039;https:\/\/escuelallanosubercaseaux.cl\/wp-content\/uploads\/2025\/11\/Dia-de-la-Familia-09-1.jpeg&#039;)\">\n\n\t\t\t\n\t\t\t\t\t<\/div>\n\t\t\t\t\t\t\t\t<\/div>\n\t\t\t\t\t\t\t\t\t\t\t<div class=\"swiper-slide\" role=\"group\" aria-roledescription=\"slide\">\n\t\t\t\t\t\t\t\t\t<div class=\"elementor-carousel-image\" role=\"img\" aria-label=\"D\u00eda de la Familia - 11\" style=\"background-image: url(&#039;https:\/\/escuelallanosubercaseaux.cl\/wp-content\/uploads\/2025\/11\/Dia-de-la-Familia-11-1.jpeg&#039;)\">\n\n\t\t\t\n\t\t\t\t\t<\/div>\n\t\t\t\t\t\t\t\t<\/div>\n\t\t\t\t\t\t\t\t\t\t\t<div class=\"swiper-slide\" role=\"group\" aria-roledescription=\"slide\">\n\t\t\t\t\t\t\t\t\t<div class=\"elementor-carousel-image\" role=\"img\" aria-label=\"D\u00eda de la Familia - 12\" style=\"background-image: url(&#039;https:\/\/escuelallanosubercaseaux.cl\/wp-content\/uploads\/2025\/11\/Dia-de-la-Familia-12-1.jpeg&#039;)\">\n\n\t\t\t\n\t\t\t\t\t<\/div>\n\t\t\t\t\t\t\t\t<\/div>\n\t\t\t\t\t\t\t\t\t\t\t<div class=\"swiper-slide\" role=\"group\" aria-roledescription=\"slide\">\n\t\t\t\t\t\t\t\t\t<div class=\"elementor-carousel-image\" role=\"img\" aria-label=\"D\u00eda de la Familia - 13\" style=\"background-image: url(&#039;https:\/\/escuelallanosubercaseaux.cl\/wp-content\/uploads\/2025\/11\/Dia-de-la-Familia-13-1.jpeg&#039;)\">\n\n\t\t\t\n\t\t\t\t\t<\/div>\n\t\t\t\t\t\t\t\t<\/div>\n\t\t\t\t\t\t\t\t\t\t\t<div class=\"swiper-slide\" role=\"group\" aria-roledescription=\"slide\">\n\t\t\t\t\t\t\t\t\t<div class=\"elementor-carousel-image\" role=\"img\" aria-label=\"D\u00eda de la Familia - 14\" style=\"background-image: url(&#039;https:\/\/escuelallanosubercaseaux.cl\/wp-content\/uploads\/2025\/11\/Dia-de-la-Familia-14-1.jpeg&#039;)\">\n\n\t\t\t\n\t\t\t\t\t<\/div>\n\t\t\t\t\t\t\t\t<\/div>\n\t\t\t\t\t\t\t\t\t\t\t<div class=\"swiper-slide\" role=\"group\" aria-roledescription=\"slide\">\n\t\t\t\t\t\t\t\t\t<div class=\"elementor-carousel-image\" role=\"img\" aria-label=\"D\u00eda de la Familia - 16\" style=\"background-image: url(&#039;https:\/\/escuelallanosubercaseaux.cl\/wp-content\/uploads\/2025\/11\/Dia-de-la-Familia-16-1.jpeg&#039;)\">\n\n\t\t\t\n\t\t\t\t\t<\/div>\n\t\t\t\t\t\t\t\t<\/div>\n\t\t\t\t\t\t\t\t\t\t\t<div class=\"swiper-slide\" role=\"group\" aria-roledescription=\"slide\">\n\t\t\t\t\t\t\t\t\t<div class=\"elementor-carousel-image\" role=\"img\" aria-label=\"D\u00eda de la Familia - 17\" style=\"background-image: url(&#039;https:\/\/escuelallanosubercaseaux.cl\/wp-content\/uploads\/2025\/11\/Dia-de-la-Familia-17-1.jpeg&#039;)\">\n\n\t\t\t\n\t\t\t\t\t<\/div>\n\t\t\t\t\t\t\t\t<\/div>\n\t\t\t\t\t\t\t\t\t\t\t<div class=\"swiper-slide\" role=\"group\" aria-roledescription=\"slide\">\n\t\t\t\t\t\t\t\t\t<div class=\"elementor-carousel-image\" role=\"img\" aria-label=\"D\u00eda de la Familia - 18\" style=\"background-image: url(&#039;https:\/\/escuelallanosubercaseaux.cl\/wp-content\/uploads\/2025\/11\/Dia-de-la-Familia-18-1.jpeg&#039;)\">\n\n\t\t\t\n\t\t\t\t\t<\/div>\n\t\t\t\t\t\t\t\t<\/div>\n\t\t\t\t\t\t\t\t\t\t\t<div class=\"swiper-slide\" role=\"group\" aria-roledescription=\"slide\">\n\t\t\t\t\t\t\t\t\t<div class=\"elementor-carousel-image\" role=\"img\" aria-label=\"D\u00eda de la Familia - 19\" style=\"background-image: url(&#039;https:\/\/escuelallanosubercaseaux.cl\/wp-content\/uploads\/2025\/11\/Dia-de-la-Familia-19-1.jpeg&#039;)\">\n\n\t\t\t\n\t\t\t\t\t<\/div>\n\t\t\t\t\t\t\t\t<\/div>\n\t\t\t\t\t\t\t\t\t\t\t<div class=\"swiper-slide\" role=\"group\" aria-roledescription=\"slide\">\n\t\t\t\t\t\t\t\t\t<div class=\"elementor-carousel-image\" role=\"img\" aria-label=\"D\u00eda de la Familia - 20\" style=\"background-image: url(&#039;https:\/\/escuelallanosubercaseaux.cl\/wp-content\/uploads\/2025\/11\/Dia-de-la-Familia-20-1.jpeg&#039;)\">\n\n\t\t\t\n\t\t\t\t\t<\/div>\n\t\t\t\t\t\t\t\t<\/div>\n\t\t\t\t\t\t\t\t\t<\/div>\n\t\t\t\t\t\t\t\t\t\t\t\t\t\t\t<div class=\"elementor-swiper-button elementor-swiper-button-prev\" role=\"button\" tabindex=\"0\" aria-label=\"Previous\">\n\t\t\t\t\t\t\t<svg aria-hidden=\"true\" class=\"e-font-icon-svg e-eicon-chevron-left\" viewBox=\"0 0 1000 1000\" xmlns=\"http:\/\/www.w3.org\/2000\/svg\"><path d=\"M646 125C629 125 613 133 604 142L308 442C296 454 292 471 292 487 292 504 296 521 308 533L604 854C617 867 629 875 646 875 663 875 679 871 692 858 704 846 713 829 713 812 713 796 708 779 692 767L438 487 692 225C700 217 708 204 708 187 708 171 704 154 692 142 675 129 663 125 646 125Z\"><\/path><\/svg>\t\t\t\t\t\t<\/div>\n\t\t\t\t\t\t<div class=\"elementor-swiper-button elementor-swiper-button-next\" role=\"button\" tabindex=\"0\" aria-label=\"Next\">\n\t\t\t\t\t\t\t<svg aria-hidden=\"true\" class=\"e-font-icon-svg e-eicon-chevron-right\" viewBox=\"0 0 1000 1000\" xmlns=\"http:\/\/www.w3.org\/2000\/svg\"><path d=\"M696 533C708 521 713 504 713 487 713 471 708 454 696 446L400 146C388 133 375 125 354 125 338 125 325 129 313 142 300 154 292 171 292 187 292 204 296 221 308 233L563 492 304 771C292 783 288 800 288 817 288 833 296 850 308 863 321 871 338 875 354 875 371 875 388 867 400 854L696 533Z\"><\/path><\/svg>\t\t\t\t\t\t<\/div>\n\t\t\t\t\t\t\t\t\t\t\t\t\t\t\t\t<div class=\"swiper-pagination\"><\/div>\n\t\t\t\t\t\t\t\t\t\t\t\t<\/div>\n\t\t\t\t<\/div>\n\t\t\t\t\t\t\t\t<\/div>\n\t\t\t\t<\/div>\n\t\t\t\t\t<\/div>\n\t\t\t\t<\/div>\n\t\t\t\t<\/div>\n\t\t","protected":false},"excerpt":{"rendered":"<p>\ud83d\udc96 D\u00eda de la Familia en la Escuela Llano Subercaseaux El pasado s\u00e1bado 8 de noviembre vivimos una jornada inolvidable en nuestra escuela con la celebraci\u00f3n del D\u00eda de la Familia, una actividad llena de alegr\u00eda, entusiasmo y uni\u00f3n. Desde muy temprano, familias completas participaron en la corrida familiar, disfrutando del deporte y la vida [&hellip;]<\/p>\n","protected":false},"author":1,"featured_media":4677,"comment_status":"closed","ping_status":"open","sticky":false,"template":"","format":"standard","meta":{"footnotes":""},"categories":[8],"tags":[],"class_list":["post-4678","post","type-post","status-publish","format-standard","has-post-thumbnail","hentry","category-noticias"],"_links":{"self":[{"href":"https:\/\/escuelallanosubercaseaux.cl\/index.php?rest_route=\/wp\/v2\/posts\/4678","targetHints":{"allow":["GET"]}}],"collection":[{"href":"https:\/\/escuelallanosubercaseaux.cl\/index.php?rest_route=\/wp\/v2\/posts"}],"about":[{"href":"https:\/\/escuelallanosubercaseaux.cl\/index.php?rest_route=\/wp\/v2\/types\/post"}],"author":[{"embeddable":true,"href":"https:\/\/escuelallanosubercaseaux.cl\/index.php?rest_route=\/wp\/v2\/users\/1"}],"replies":[{"embeddable":true,"href":"https:\/\/escuelallanosubercaseaux.cl\/index.php?rest_route=%2Fwp%2Fv2%2Fcomments&post=4678"}],"version-history":[{"count":16,"href":"https:\/\/escuelallanosubercaseaux.cl\/index.php?rest_route=\/wp\/v2\/posts\/4678\/revisions"}],"predecessor-version":[{"id":4723,"href":"https:\/\/escuelallanosubercaseaux.cl\/index.php?rest_route=\/wp\/v2\/posts\/4678\/revisions\/4723"}],"wp:featuredmedia":[{"embeddable":true,"href":"https:\/\/escuelallanosubercaseaux.cl\/index.php?rest_route=\/wp\/v2\/media\/4677"}],"wp:attachment":[{"href":"https:\/\/escuelallanosubercaseaux.cl\/index.php?rest_route=%2Fwp%2Fv2%2Fmedia&parent=4678"}],"wp:term":[{"taxonomy":"category","embeddable":true,"href":"https:\/\/escuelallanosubercaseaux.cl\/index.php?rest_route=%2Fwp%2Fv2%2Fcategories&post=4678"},{"taxonomy":"post_tag","embeddable":true,"href":"https:\/\/escuelallanosubercaseaux.cl\/index.php?rest_route=%2Fwp%2Fv2%2Ftags&post=4678"}],"curies":[{"name":"wp","href":"https:\/\/api.w.org\/{rel}","templated":true}]}}