{"id":4753,"date":"2025-11-17T18:07:46","date_gmt":"2025-11-17T18:07:46","guid":{"rendered":"https:\/\/escuelallanosubercaseaux.cl\/?p=4753"},"modified":"2025-11-18T15:51:44","modified_gmt":"2025-11-18T15:51:44","slug":"inicio-ano-academico-2024-3-2-2-2-2-2-2-2-2-2-2-2-2-2-2-2-2-2-2-2-2-2-2-2-2-2-2-2-2-2-2-2-2-2-2-2-2-2-2-2-2-2-2-2-2-2-2-2-2","status":"publish","type":"post","link":"https:\/\/escuelallanosubercaseaux.cl\/?p=4753","title":{"rendered":"Proceso de matr\u00edcula 2026"},"content":{"rendered":"\t\t<div data-elementor-type=\"wp-post\" data-elementor-id=\"4753\" class=\"elementor elementor-4753\" data-elementor-post-type=\"post\">\n\t\t\t\t<div class=\"elementor-element elementor-element-6ba8b31 e-flex e-con-boxed e-con e-parent\" data-id=\"6ba8b31\" data-element_type=\"container\">\n\t\t\t\t\t<div class=\"e-con-inner\">\n\t\t\t\t<div class=\"elementor-element elementor-element-a333ba8 elementor-widget elementor-widget-heading\" data-id=\"a333ba8\" data-element_type=\"widget\" data-widget_type=\"heading.default\">\n\t\t\t\t<div class=\"elementor-widget-container\">\n\t\t\t\t\t<h2 class=\"elementor-heading-title elementor-size-default\">Calendario \u00danico de Matr\u00edcula 2026<\/h2>\t\t\t\t<\/div>\n\t\t\t\t<\/div>\n\t\t\t\t\t<\/div>\n\t\t\t\t<\/div>\n\t\t<div class=\"elementor-element elementor-element-0b3c96d e-flex e-con-boxed e-con e-parent\" data-id=\"0b3c96d\" data-element_type=\"container\">\n\t\t\t\t\t<div class=\"e-con-inner\">\n\t\t\t\t<div class=\"elementor-element elementor-element-7be5aa8 elementor-widget elementor-widget-spacer\" data-id=\"7be5aa8\" data-element_type=\"widget\" data-widget_type=\"spacer.default\">\n\t\t\t\t<div class=\"elementor-widget-container\">\n\t\t\t\t\t\t\t<div class=\"elementor-spacer\">\n\t\t\t<div class=\"elementor-spacer-inner\"><\/div>\n\t\t<\/div>\n\t\t\t\t\t\t<\/div>\n\t\t\t\t<\/div>\n\t\t\t\t\t<\/div>\n\t\t\t\t<\/div>\n\t\t<div class=\"elementor-element elementor-element-57e7a87 e-flex e-con-boxed e-con e-parent\" data-id=\"57e7a87\" data-element_type=\"container\">\n\t\t\t\t\t<div class=\"e-con-inner\">\n\t\t\t\t<div class=\"elementor-element elementor-element-cbbcb7c elementor-widget elementor-widget-text-editor\" data-id=\"cbbcb7c\" data-element_type=\"widget\" data-widget_type=\"text-editor.default\">\n\t\t\t\t<div class=\"elementor-widget-container\">\n\t\t\t\t\t\t\t\t\t<p>El Proceso de Matr\u00edcula 2026 se realizar\u00e1 seg\u00fan lo establecido por el Sistema de Admisi\u00f3n Escolar del MINEDUC, desde el <strong>martes 9 al martes 23 de diciembre para estudiantes nuevos<\/strong> e institucionalmente hasta el 30 de diciembre para estudiantes antiguos.<\/p><p>Con el objetivo de que cada apoderado tenga una atenci\u00f3n expedita y fluida, el establecimiento ha dispuesto de un calendario con horarios espec\u00edficos para cada curso y algunas instrucciones que detallamos a continuaci\u00f3n:\u00a0<\/p><table width=\"696\"><tbody><tr><td rowspan=\"2\" width=\"217\"><p><strong>Curso (estudiantes nuevos y antiguos)<\/strong><\/p><\/td><td rowspan=\"2\" width=\"223\"><p><strong>Fecha<\/strong><\/p><\/td><td colspan=\"2\" width=\"256\"><p><strong>Horario<\/strong><\/p><\/td><\/tr><tr><td width=\"128\"><p><strong>Ma\u00f1ana<\/strong><\/p><\/td><td width=\"128\"><p><strong>Tarde<\/strong><\/p><\/td><\/tr><tr><td width=\"217\"><p>Prek\u00ednder 2026 y k\u00ednder<\/p><\/td><td width=\"223\"><p>Martes 09 diciembre<\/p><\/td><td width=\"128\"><p><strong>9:00 a 13:00<\/strong><\/p><\/td><td width=\"128\"><p><strong>15:00 a 17:00<\/strong><\/p><\/td><\/tr><tr><td width=\"217\"><p>1\u00b0 b\u00e1sico 2026<\/p><\/td><td width=\"223\"><p>Mi\u00e9rcoles 10 diciembre<\/p><\/td><td width=\"128\"><p><strong>9:00 a 13:00<\/strong><\/p><\/td><td width=\"128\"><p><strong>15:00 a 17:00<\/strong><\/p><\/td><\/tr><tr><td width=\"217\"><p>2\u00b0 b\u00e1sico 2026<\/p><\/td><td width=\"223\"><p>Jueves 11 de diciembre<\/p><\/td><td width=\"128\"><p><strong>9:00 a 13:00<\/strong><\/p><\/td><td width=\"128\"><p><strong>15:00 a 17:00<\/strong><\/p><\/td><\/tr><tr><td width=\"217\"><p>3\u00b0 b\u00e1sico 2026<\/p><\/td><td width=\"223\"><p>Viernes 12 de diciembre<\/p><\/td><td width=\"128\"><p><strong>9:00 a 14:30<\/strong><\/p><\/td><td width=\"128\"><p><strong>\u00a0<\/strong><\/p><\/td><\/tr><tr><td width=\"217\"><p>4\u00b0 b\u00e1sico 2026<\/p><\/td><td width=\"223\"><p>Lunes 15 de diciembre<\/p><\/td><td width=\"128\"><p><strong>9:00 a 13:00<\/strong><\/p><\/td><td width=\"128\"><p><strong>15:00 a 17:00<\/strong><\/p><\/td><\/tr><tr><td width=\"217\"><p>5\u00b0 b\u00e1sico 2026<\/p><\/td><td width=\"223\"><p>Martes 16 de diciembre<\/p><\/td><td width=\"128\"><p><strong>9:00 a 13:00<\/strong><\/p><\/td><td width=\"128\"><p><strong>15:00 a 17:00<\/strong><\/p><\/td><\/tr><tr><td width=\"217\"><p>6\u00b0 b\u00e1sico 2026<\/p><\/td><td width=\"223\"><p>Mi\u00e9rcoles 17 de diciembre<\/p><\/td><td width=\"128\"><p><strong>9:00 a 13:00<\/strong><\/p><\/td><td width=\"128\"><p><strong>15:00 a 17:00<\/strong><\/p><\/td><\/tr><tr><td width=\"217\"><p>7\u00b0 b\u00e1sico 2026<\/p><\/td><td width=\"223\"><p>Jueves 18 de diciembre<\/p><\/td><td width=\"128\"><p><strong>9:00 a 14:00<\/strong><\/p><\/td><td width=\"128\"><p><strong>\u00a0<\/strong><\/p><\/td><\/tr><tr><td width=\"217\"><p>8\u00b0 b\u00e1sico 2026<\/p><\/td><td width=\"223\"><p>Viernes 19 de diciembre<\/p><\/td><td width=\"128\"><p><strong>11:00 a 14:00<\/strong><\/p><\/td><td width=\"128\"><p><strong>\u00a0<\/strong><\/p><\/td><\/tr><tr><td width=\"217\"><p><strong>Rezagados nuevos<\/strong><\/p><\/td><td width=\"223\"><p>Lunes 22 de diciembre<\/p><\/td><td width=\"128\"><p><strong>9:00 a 14:00<\/strong><\/p><\/td><td width=\"128\"><p><strong>\u00a0<\/strong><\/p><\/td><\/tr><tr><td width=\"217\"><p><strong>Rezagados nuevos <\/strong><\/p><\/td><td width=\"223\"><p>Martes 23 de diciembre<\/p><\/td><td width=\"128\"><p><strong>9:00 a 13:00<\/strong><\/p><\/td><td width=\"128\"><p><strong>15:00 a 17:00<\/strong><\/p><\/td><\/tr><tr><td width=\"217\"><p><strong>Rezagados estudiantes antiguos.<\/strong><\/p><\/td><td width=\"223\"><p>Lunes 29 y martes 30 de diciembre<\/p><\/td><td width=\"128\"><p><strong>9:00 a 14:00<\/strong><\/p><\/td><td width=\"128\"><p><strong>15:00 a 17:00<\/strong><\/p><\/td><\/tr><\/tbody><\/table><p><strong>\u00a0<\/strong><\/p><p><strong>Indicaciones para madres padres y apoderados: <\/strong><\/p><ol><li>Asistir el d\u00eda y hora indicado para cada curso.<\/li><li>Los hermanos que asistan a diferentes cursos, podr\u00e1n matricularse ambos en cualquiera de los d\u00edas y horarios establecidos para uno de los cursos.<\/li><li>Para matricular deber\u00e1 asistir el apoderado titular. (En caso de que no puedas asistir, podr\u00e1 realizar el tr\u00e1mite un tercero presentando: \u00a0poder simple y fotocopia de la c\u00e9dula de identidad del apoderado titular.)<\/li><li>Para matricula de <strong>estudiantes nuevos<\/strong> deber\u00e1 presentar los siguientes documentos:<\/li><\/ol><p>\u00a0<\/p><table><tbody><tr><td width=\"312\"><p>Estudiantes<\/p><\/td><td width=\"312\"><p>Apoderados<\/p><\/td><\/tr><tr><td width=\"312\"><p><strong>Estudiante Chileno:<\/strong> Certificado de nacimiento del estudiante o copia cedula de identidad.<\/p><p><strong>Estudiantes extranjeros:<\/strong> IPE (identificador provisorio estudiante) y copia del DNI del postulante (por ambos lados) o pasaporte o certificado de nacimiento.<\/p><\/td><td width=\"312\"><p><strong>Apoderado Chileno:<\/strong> copia cedula de identidad.<\/p><p><strong>Apoderado Extranjero:<\/strong> IPA (identificador provisorio apoderado) y un documento de identidad v\u00e1lido como el DNI (copia por ambos lados) o pasaporte.<\/p><\/td><\/tr><tr><td colspan=\"2\" width=\"623\"><p><strong>Certificado de promoci\u00f3n escolar a\u00f1o 2025<\/strong> (en el caso que el establecimiento no haya entregado dicho documento, lo podr\u00e1 presentar en el mes de marzo 2026)<\/p><\/td><\/tr><\/tbody><\/table><p><strong><u>Importante<\/u><\/strong><strong>: <\/strong>Aquellos apoderados nuevos que <strong>no matriculen a sus estudiantes en dicho periodo dejar\u00e1n a disposici\u00f3n del establecimiento su vacante, renunciando al cupo en nuestra escuela<\/strong> y \u00e9sta vacante quedar\u00e1 disponible para ser usada por el establecimiento.<\/p><p data-start=\"1091\" data-end=\"1141\">\u00a0<\/p><p style=\"text-align: right;\" data-start=\"1091\" data-end=\"1141\">Comunicaciones Escuela Llano Subercaseaux 2025<\/p>\t\t\t\t\t\t\t\t<\/div>\n\t\t\t\t<\/div>\n\t\t\t\t\t<\/div>\n\t\t\t\t<\/div>\n\t\t<div class=\"elementor-element elementor-element-b1cd62a e-flex e-con-boxed e-con e-parent\" data-id=\"b1cd62a\" data-element_type=\"container\">\n\t\t\t\t\t<div class=\"e-con-inner\">\n\t\t<div class=\"elementor-element elementor-element-fb3ce98 e-con-full e-flex e-con e-child\" data-id=\"fb3ce98\" data-element_type=\"container\">\n\t\t\t\t<\/div>\n\t\t<div class=\"elementor-element elementor-element-49b2cc0 e-con-full e-flex e-con e-child\" data-id=\"49b2cc0\" data-element_type=\"container\">\n\t\t\t\t<\/div>\n\t\t\t\t\t<\/div>\n\t\t\t\t<\/div>\n\t\t\t\t<\/div>\n\t\t","protected":false},"excerpt":{"rendered":"<p>Calendario \u00danico de Matr\u00edcula 2026 El Proceso de Matr\u00edcula 2026 se realizar\u00e1 seg\u00fan lo establecido por el Sistema de Admisi\u00f3n Escolar del MINEDUC, desde el martes 9 al martes 23 de diciembre para estudiantes nuevos e institucionalmente hasta el 30 de diciembre para estudiantes antiguos. Con el objetivo de que cada apoderado tenga una atenci\u00f3n [&hellip;]<\/p>\n","protected":false},"author":1,"featured_media":4758,"comment_status":"closed","ping_status":"open","sticky":false,"template":"","format":"standard","meta":{"footnotes":""},"categories":[8],"tags":[],"class_list":["post-4753","post","type-post","status-publish","format-standard","has-post-thumbnail","hentry","category-noticias"],"_links":{"self":[{"href":"https:\/\/escuelallanosubercaseaux.cl\/index.php?rest_route=\/wp\/v2\/posts\/4753","targetHints":{"allow":["GET"]}}],"collection":[{"href":"https:\/\/escuelallanosubercaseaux.cl\/index.php?rest_route=\/wp\/v2\/posts"}],"about":[{"href":"https:\/\/escuelallanosubercaseaux.cl\/index.php?rest_route=\/wp\/v2\/types\/post"}],"author":[{"embeddable":true,"href":"https:\/\/escuelallanosubercaseaux.cl\/index.php?rest_route=\/wp\/v2\/users\/1"}],"replies":[{"embeddable":true,"href":"https:\/\/escuelallanosubercaseaux.cl\/index.php?rest_route=%2Fwp%2Fv2%2Fcomments&post=4753"}],"version-history":[{"count":16,"href":"https:\/\/escuelallanosubercaseaux.cl\/index.php?rest_route=\/wp\/v2\/posts\/4753\/revisions"}],"predecessor-version":[{"id":4773,"href":"https:\/\/escuelallanosubercaseaux.cl\/index.php?rest_route=\/wp\/v2\/posts\/4753\/revisions\/4773"}],"wp:featuredmedia":[{"embeddable":true,"href":"https:\/\/escuelallanosubercaseaux.cl\/index.php?rest_route=\/wp\/v2\/media\/4758"}],"wp:attachment":[{"href":"https:\/\/escuelallanosubercaseaux.cl\/index.php?rest_route=%2Fwp%2Fv2%2Fmedia&parent=4753"}],"wp:term":[{"taxonomy":"category","embeddable":true,"href":"https:\/\/escuelallanosubercaseaux.cl\/index.php?rest_route=%2Fwp%2Fv2%2Fcategories&post=4753"},{"taxonomy":"post_tag","embeddable":true,"href":"https:\/\/escuelallanosubercaseaux.cl\/index.php?rest_route=%2Fwp%2Fv2%2Ftags&post=4753"}],"curies":[{"name":"wp","href":"https:\/\/api.w.org\/{rel}","templated":true}]}}