{"id":5231,"date":"2026-03-17T16:56:29","date_gmt":"2026-03-17T16:56:29","guid":{"rendered":"https:\/\/escuelallanosubercaseaux.cl\/?p=5231"},"modified":"2026-03-17T17:20:36","modified_gmt":"2026-03-17T17:20:36","slug":"inicio-ano-academico-2024-3-2-2-2-2-2-2-2-2-2-2-2-2-2-2-2-2-2-2-2-2-2-2-2-2-2-2-2-2-2-2-2-2-2-2-2-2-2-2-2-2-2-2-2-2-2-2-2-2-2-2-2-2-2-2-2-2-2-2","status":"publish","type":"post","link":"https:\/\/escuelallanosubercaseaux.cl\/?p=5231","title":{"rendered":"Obtuvimos la Excelencia Acad\u00e9mica 2026 &#8211; 2027"},"content":{"rendered":"\t\t<div data-elementor-type=\"wp-post\" data-elementor-id=\"5231\" class=\"elementor elementor-5231\" data-elementor-post-type=\"post\">\n\t\t\t\t<div class=\"elementor-element elementor-element-6ba8b31 e-flex e-con-boxed e-con e-parent\" data-id=\"6ba8b31\" data-element_type=\"container\">\n\t\t\t\t\t<div class=\"e-con-inner\">\n\t\t\t\t<div class=\"elementor-element elementor-element-a333ba8 elementor-widget elementor-widget-heading\" data-id=\"a333ba8\" data-element_type=\"widget\" data-widget_type=\"heading.default\">\n\t\t\t\t<div class=\"elementor-widget-container\">\n\t\t\t\t\t<h2 class=\"elementor-heading-title elementor-size-default\">\u00a1Gran logro! Obtenemos la Excelencia Acad\u00e9mica SNED<\/h2>\t\t\t\t<\/div>\n\t\t\t\t<\/div>\n\t\t\t\t\t<\/div>\n\t\t\t\t<\/div>\n\t\t<div class=\"elementor-element elementor-element-0b3c96d e-flex e-con-boxed e-con e-parent\" data-id=\"0b3c96d\" data-element_type=\"container\">\n\t\t\t\t\t<div class=\"e-con-inner\">\n\t\t\t\t<div class=\"elementor-element elementor-element-7be5aa8 elementor-widget elementor-widget-spacer\" data-id=\"7be5aa8\" data-element_type=\"widget\" data-widget_type=\"spacer.default\">\n\t\t\t\t<div class=\"elementor-widget-container\">\n\t\t\t\t\t\t\t<div class=\"elementor-spacer\">\n\t\t\t<div class=\"elementor-spacer-inner\"><\/div>\n\t\t<\/div>\n\t\t\t\t\t\t<\/div>\n\t\t\t\t<\/div>\n\t\t\t\t\t<\/div>\n\t\t\t\t<\/div>\n\t\t<div class=\"elementor-element elementor-element-57e7a87 e-flex e-con-boxed e-con e-parent\" data-id=\"57e7a87\" data-element_type=\"container\">\n\t\t\t\t\t<div class=\"e-con-inner\">\n\t\t\t\t<div class=\"elementor-element elementor-element-cbbcb7c elementor-widget elementor-widget-text-editor\" data-id=\"cbbcb7c\" data-element_type=\"widget\" data-widget_type=\"text-editor.default\">\n\t\t\t\t<div class=\"elementor-widget-container\">\n\t\t\t\t\t\t\t\t\t<div class=\"x11i5rnm xat24cr x1mh8g0r x1vvkbs xtlvy1s x126k92a\">\n<div>\n<p data-start=\"123\" data-end=\"352\">Con gran orgullo, informamos que nuestra escuela ha sido reconocida con la <strong data-start=\"198\" data-end=\"227\">Excelencia Acad\u00e9mica SNED<\/strong>, un importante logro que refleja el compromiso, la dedicaci\u00f3n y el trabajo colaborativo de toda nuestra comunidad educativa.<\/p>\n<p data-start=\"354\" data-end=\"621\">Este reconocimiento no solo destaca los resultados acad\u00e9micos, sino tambi\u00e9n el esfuerzo constante de nuestros estudiantes, el apoyo fundamental de sus familias y la vocaci\u00f3n de nuestros docentes y asistentes de la educaci\u00f3n, quienes d\u00eda a d\u00eda entregan lo mejor de s\u00ed.<\/p>\n<p data-start=\"623\" data-end=\"873\">Recibir la Excelencia Acad\u00e9mica SNED nos motiva a seguir avanzando con responsabilidad, fortaleciendo nuestros procesos educativos y reafirmando nuestro compromiso con una educaci\u00f3n de calidad, inclusiva y centrada en el aprendizaje de todos y todas.<\/p>\n<p data-start=\"875\" data-end=\"1226\">Asimismo, destacamos que este importante logro se desarrolla en un contexto en el que nuestra escuela cuenta con un equipo directivo que promueve un <strong data-start=\"1024\" data-end=\"1096\">ambiente laboral respetuoso, colaborativo y centrado en las personas<\/strong>, bajo el liderazgo de nuestra directora, <strong data-start=\"1138\" data-end=\"1167\">Srta. Mar\u00eda Ignacia Dur\u00e1n<\/strong>, favoreciendo el bienestar de toda la comunidad educativa.<\/p>\n<p data-start=\"872\" data-end=\"935\">\u00a0<\/p>\n<p data-start=\"872\" data-end=\"935\">\u00a1Felicitamos a toda nuestra comunidad por este gran logro!<\/p>\n<\/div>\n<div>\n<div dir=\"auto\">\u00a0<\/div>\n<\/div>\n<div dir=\"auto\">\n<div>\n<div dir=\"auto\">\u00a0<\/div>\n<div dir=\"auto\" style=\"text-align: right;\">Comunicaciones Escuela Llano Subercaseaux 2026<\/div>\n<\/div>\n<\/div>\n<\/div>\t\t\t\t\t\t\t\t<\/div>\n\t\t\t\t<\/div>\n\t\t\t\t\t<\/div>\n\t\t\t\t<\/div>\n\t\t<div class=\"elementor-element elementor-element-b1cd62a e-flex e-con-boxed e-con e-parent\" data-id=\"b1cd62a\" data-element_type=\"container\">\n\t\t\t\t\t<div class=\"e-con-inner\">\n\t\t<div class=\"elementor-element elementor-element-fb3ce98 e-con-full e-flex e-con e-child\" data-id=\"fb3ce98\" data-element_type=\"container\">\n\t\t\t\t<\/div>\n\t\t<div class=\"elementor-element elementor-element-49b2cc0 e-con-full e-flex e-con e-child\" data-id=\"49b2cc0\" data-element_type=\"container\">\n\t\t\t\t<\/div>\n\t\t\t\t\t<\/div>\n\t\t\t\t<\/div>\n\t\t\t\t<\/div>\n\t\t","protected":false},"excerpt":{"rendered":"<p>\u00a1Gran logro! Obtenemos la Excelencia Acad\u00e9mica SNED Con gran orgullo, informamos que nuestra escuela ha sido reconocida con la Excelencia Acad\u00e9mica SNED, un importante logro que refleja el compromiso, la dedicaci\u00f3n y el trabajo colaborativo de toda nuestra comunidad educativa. Este reconocimiento no solo destaca los resultados acad\u00e9micos, sino tambi\u00e9n el esfuerzo constante de nuestros [&hellip;]<\/p>\n","protected":false},"author":1,"featured_media":5230,"comment_status":"closed","ping_status":"open","sticky":false,"template":"","format":"standard","meta":{"footnotes":""},"categories":[8],"tags":[],"class_list":["post-5231","post","type-post","status-publish","format-standard","has-post-thumbnail","hentry","category-noticias"],"_links":{"self":[{"href":"https:\/\/escuelallanosubercaseaux.cl\/index.php?rest_route=\/wp\/v2\/posts\/5231","targetHints":{"allow":["GET"]}}],"collection":[{"href":"https:\/\/escuelallanosubercaseaux.cl\/index.php?rest_route=\/wp\/v2\/posts"}],"about":[{"href":"https:\/\/escuelallanosubercaseaux.cl\/index.php?rest_route=\/wp\/v2\/types\/post"}],"author":[{"embeddable":true,"href":"https:\/\/escuelallanosubercaseaux.cl\/index.php?rest_route=\/wp\/v2\/users\/1"}],"replies":[{"embeddable":true,"href":"https:\/\/escuelallanosubercaseaux.cl\/index.php?rest_route=%2Fwp%2Fv2%2Fcomments&post=5231"}],"version-history":[{"count":14,"href":"https:\/\/escuelallanosubercaseaux.cl\/index.php?rest_route=\/wp\/v2\/posts\/5231\/revisions"}],"predecessor-version":[{"id":5246,"href":"https:\/\/escuelallanosubercaseaux.cl\/index.php?rest_route=\/wp\/v2\/posts\/5231\/revisions\/5246"}],"wp:featuredmedia":[{"embeddable":true,"href":"https:\/\/escuelallanosubercaseaux.cl\/index.php?rest_route=\/wp\/v2\/media\/5230"}],"wp:attachment":[{"href":"https:\/\/escuelallanosubercaseaux.cl\/index.php?rest_route=%2Fwp%2Fv2%2Fmedia&parent=5231"}],"wp:term":[{"taxonomy":"category","embeddable":true,"href":"https:\/\/escuelallanosubercaseaux.cl\/index.php?rest_route=%2Fwp%2Fv2%2Fcategories&post=5231"},{"taxonomy":"post_tag","embeddable":true,"href":"https:\/\/escuelallanosubercaseaux.cl\/index.php?rest_route=%2Fwp%2Fv2%2Ftags&post=5231"}],"curies":[{"name":"wp","href":"https:\/\/api.w.org\/{rel}","templated":true}]}}